{"id":134688,"date":"2024-03-22T09:29:59","date_gmt":"2024-03-22T12:29:59","guid":{"rendered":"https:\/\/corrientesdetarde.com\/?p=134688"},"modified":"2024-03-22T09:30:11","modified_gmt":"2024-03-22T12:30:11","slug":"silvia-suller-conto-la-terrible-maldad-que-le-hizo-su-hija-marilyn-y-conmovio-a-todos","status":"publish","type":"post","link":"https:\/\/corrientesdetarde.com\/index.php\/espectaculos\/silvia-suller-conto-la-terrible-maldad-que-le-hizo-su-hija-marilyn-y-conmovio-a-todos\/","title":{"rendered":"Silvia S\u00fcller cont\u00f3 la terrible maldad que le hizo su hija Marilyn y conmovi\u00f3 a todos"},"content":{"rendered":"\n<p><\/p>\n\n\n\n<p><strong>Silvia S\u00fcller<\/strong>\u00a0reapareci\u00f3 en la TV\u00a0luego de que su hermano,\u00a0<strong>Guido S\u00fcller, revelara que vive de una jubilaci\u00f3n y de los videos que todas las madrugadas graba en TikTok<\/strong>.\u00a0Se sent\u00f3 en el piso de\u00a0<em>LAM (Am\u00e9rica)<\/em>\u00a0y no solo ventil\u00f3 cu\u00e1l es el peor defecto de\u00a0<strong>Silvio Sold\u00e1n<\/strong>, tambi\u00e9n se refiri\u00f3 a<strong>\u00a0la terrible maldad que le hizo Marilyn, su propia hija.<\/strong><\/p>\n\n\n\n<p>La medi\u00e1tica reconoci\u00f3 que con la joven tiene un v\u00ednculo casi nulo, y que adem\u00e1s es abuela de dos nenes: Bautista y Francisquito. Sin embargo, no le permiten disfrutar de ellos y su crecimiento. \u201cLos veo de vez en cuando. No hacemos videollamadas.\u00a0<strong>Ella no quiere que yo los vea<\/strong>. No s\u00e9, pero lo respeto\u201d, coment\u00f3 resignada.<\/p>\n\n\n\n<p>Acto seguido, explic\u00f3 que con Christian directamente no habla. \u201cEstuvo conmigo hasta los 18 a\u00f1os, cuando termin\u00f3 la secundaria. Ya est\u00e1. No me manda mensajes, nada. Es como si estuviera muerto. La vida contin\u00faa. Yo ya llor\u00e9 mucho. Si quiere volver, que vuelva\u201d, remarc\u00f3. Por \u00faltimo, dio a entender que Sold\u00e1n era una rata: \u201cNunca me llev\u00f3 de viaje.&nbsp;<strong>Dec\u00eda: \u2018Si viajamos tengo que pagar porque nadie me conoce, tenemos que hacer la fila\u2019\u201d.<\/strong><\/p>\n\n\n\n<figure class=\"wp-block-image\"><img decoding=\"async\" src=\"https:\/\/tn.com.ar\/resizer\/nGzn6fqktn-Fgk8gIl28uOstI0E=\/767x0\/smart\/filters:format(webp)\/cloudfront-us-east-1.images.arcpublishing.com\/artear\/CZLKYCOUR5EJFP7J3DGJ4643Z4.JPG\" alt=\"Silvia S\u00fcller junto a sus dos hijos: Marilyn y Christian. (Foto: instagram\/sullersilviaok)\"\/><figcaption class=\"wp-element-caption\">Silvia S\u00fcller junto a sus dos hijos: Marilyn y Christian. (Foto: instagram\/sullersilviaok)Por:&nbsp;<strong>Natalia Sasso<\/strong><\/figcaption><\/figure>\n\n\n\n<h2 class=\"wp-block-heading\">Apareci\u00f3 una foto er\u00f3tica de Silvia S\u00fcller y Silvio Sold\u00e1n que dej\u00f3 sin palabras a todos<\/h2>\n\n\n\n<p><strong>Silvia S\u00fcller\u00a0<\/strong>y\u00a0<strong>Silvio Sold\u00e1n<\/strong>\u00a0siguen en boca de todos a dos d\u00e9cadas de su separaci\u00f3n. La medi\u00e1tica ventil\u00f3 c\u00f3mo es el locutor en la cama y el inter\u00e9s de sus seguidores hizo que\u00a0<strong>se viralizara una foto er\u00f3tica\u00a0<\/strong>de sus tiempos m\u00e1s felices como pareja.\u00a0<strong>\u201cSiempre hubo cosas raras en el sexo. Me ped\u00eda cosas inusuales, que no son de hombre \u2018hombre\u2019<\/strong>. Me di cuenta con el tiempo\u201d, lanz\u00f3 en el ciclo\u00a0<em>A la Tarde (Am\u00e9rica)\u00a0<\/em>d\u00edas antes de que circulara una postal que ella misma public\u00f3 a\u00f1os atr\u00e1s.<\/p>\n\n\n\n<p>Se trata de la&nbsp;<strong>portada de la revista&nbsp;<\/strong><em><strong>Radiolandia 2000<\/strong><\/em>, donde la artista aparece en portaligas y corpi\u00f1o al lado de su amado, quien le est\u00e1 sirviendo un trago. \u201cQu\u00e9 piensa Sold\u00e1n de los desnudos de su mujer\u201d, titul\u00f3 el semanario en aquel entonces.<\/p>\n\n\n\n<figure class=\"wp-block-image\"><img decoding=\"async\" src=\"https:\/\/tn.com.ar\/resizer\/WzQqYc30HDWiJZarkcu3t9oxgxs=\/767x0\/smart\/filters:format(webp)\/cloudfront-us-east-1.images.arcpublishing.com\/artear\/MR346NKU25HXZAJQNAU2656EZE.jpg\" alt=\"Silvia S\u00fcller y Silvio Sold\u00e1n fueron una pareja muy hot. (Foto: Revista Radiolandia 2000)\"\/><figcaption class=\"wp-element-caption\">Silvia S\u00fcller y Silvio Sold\u00e1n fueron una pareja muy hot. (Foto: Revista Radiolandia 2000)<\/figcaption><\/figure>\n","protected":false},"excerpt":{"rendered":"<p>Silvia S\u00fcller\u00a0reapareci\u00f3 en la TV\u00a0luego de que su hermano,\u00a0Guido S\u00fcller, revelara que vive de una jubilaci\u00f3n y de los videos que todas las madrugadas graba en TikTok.\u00a0Se sent\u00f3 en el&hellip; <\/p>\n","protected":false},"author":12,"featured_media":134692,"comment_status":"closed","ping_status":"open","sticky":false,"template":"","format":"standard","meta":{"footnotes":""},"categories":[19],"tags":[],"class_list":["post-134688","post","type-post","status-publish","format-standard","has-post-thumbnail","hentry","category-espectaculos"],"_links":{"self":[{"href":"https:\/\/corrientesdetarde.com\/index.php\/wp-json\/wp\/v2\/posts\/134688","targetHints":{"allow":["GET"]}}],"collection":[{"href":"https:\/\/corrientesdetarde.com\/index.php\/wp-json\/wp\/v2\/posts"}],"about":[{"href":"https:\/\/corrientesdetarde.com\/index.php\/wp-json\/wp\/v2\/types\/post"}],"author":[{"embeddable":true,"href":"https:\/\/corrientesdetarde.com\/index.php\/wp-json\/wp\/v2\/users\/12"}],"replies":[{"embeddable":true,"href":"https:\/\/corrientesdetarde.com\/index.php\/wp-json\/wp\/v2\/comments?post=134688"}],"version-history":[{"count":1,"href":"https:\/\/corrientesdetarde.com\/index.php\/wp-json\/wp\/v2\/posts\/134688\/revisions"}],"predecessor-version":[{"id":134693,"href":"https:\/\/corrientesdetarde.com\/index.php\/wp-json\/wp\/v2\/posts\/134688\/revisions\/134693"}],"wp:featuredmedia":[{"embeddable":true,"href":"https:\/\/corrientesdetarde.com\/index.php\/wp-json\/wp\/v2\/media\/134692"}],"wp:attachment":[{"href":"https:\/\/corrientesdetarde.com\/index.php\/wp-json\/wp\/v2\/media?parent=134688"}],"wp:term":[{"taxonomy":"category","embeddable":true,"href":"https:\/\/corrientesdetarde.com\/index.php\/wp-json\/wp\/v2\/categories?post=134688"},{"taxonomy":"post_tag","embeddable":true,"href":"https:\/\/corrientesdetarde.com\/index.php\/wp-json\/wp\/v2\/tags?post=134688"}],"curies":[{"name":"wp","href":"https:\/\/api.w.org\/{rel}","templated":true}]}}