{"id":134783,"date":"2024-03-22T12:48:58","date_gmt":"2024-03-22T15:48:58","guid":{"rendered":"https:\/\/corrientesdetarde.com\/?p=134783"},"modified":"2024-03-22T12:49:10","modified_gmt":"2024-03-22T15:49:10","slug":"convenio-de-cooperacion-braillard-poccard-ratifico-su-compromiso-con-la-fundacion-conin","status":"publish","type":"post","link":"https:\/\/corrientesdetarde.com\/index.php\/sociales\/convenio-de-cooperacion-braillard-poccard-ratifico-su-compromiso-con-la-fundacion-conin\/","title":{"rendered":"Convenio de cooperaci\u00f3n: Braillard Poccard ratific\u00f3 su compromiso con la Fundaci\u00f3n CONIN"},"content":{"rendered":"\n<p><\/p>\n\n\n\n<p>El Vicegobernador, Pedro Braillard Poccard, firm\u00f3 un convenio marco de cooperaci\u00f3n, que permite continuar colaborando con la Fundaci\u00f3n para la promoci\u00f3n humana Sacerdote Jesuita Ignacio Villar Centro Conin, una instituci\u00f3n comprometida con la promoci\u00f3n humana y erradicaci\u00f3n de la desnutrici\u00f3n infantil.<br>La r\u00fabrica se concret\u00f3 este viernes en el sal\u00f3n de Acuerdos de la Legislatura provincial, entre el Vicegobernador y la presidente de la Fundaci\u00f3n, Dra. Carola Hern\u00e1ndez. En este marco, Braillard Poccard ratific\u00f3 su compromiso con esta instituci\u00f3n que apoya hace muchos a\u00f1os y es un gran conocedor de su obra. Al respecto, la Dra. Hern\u00e1ndez inform\u00f3: \u201cEs un convenio marco para articular algunas medidas que fortalezcan nuestra obra. Es una manera de trabajar contra la desnutrici\u00f3n infantil, que es nuestro foco\u201d.<br>Este convenio favorecer\u00e1 la acci\u00f3n coordinada a fin de implementar pol\u00edticas p\u00fablicas conjuntas con el fin de capacitar a las madres de los ni\u00f1os de 0 a 5 a\u00f1os y embarazadas, en pos del mejoramiento de la calidad de vida de la poblaci\u00f3n asistida.<br>La presidente de la ONG record\u00f3 que: \u201cNuestro centro est\u00e1 ubicado hace 19 a\u00f1os en Molina Punta, a ra\u00edz de un relevamiento que se hizo en su momento con la Facultad de Medicina, y en ese relevamiento se detect\u00f3 que all\u00ed estaba la mayor cantidad de desnutridos. Atendemos poblaci\u00f3n de esa zona, R\u00edo Paran\u00e1 y La Tosquera. Tenemos un transporte que traslada a las mam\u00e1s al centro\u201d.<br>\u201cNos enfocamos en la desnutrici\u00f3n infantil que, entre los 0 y 5 a\u00f1os provoca un da\u00f1o cerebral irreversible. Hacemos talleres de huerta, manualidades, panader\u00eda. Trabajamos con la familia porque el ni\u00f1o necesita una mam\u00e1 que est\u00e9 contenida y apoyada. Tenemos asistentes sociales, un equipo integrado por una psic\u00f3loga, psicopedagoga y estimuladora, para trabajar con el ni\u00f1o y su entorno familiar\u201d, agreg\u00f3.<br>Quienes deseen colaborar con CONIN, pueden comunicarse a trav\u00e9s del Instagram CONIN Corrientes.<\/p>\n\n\n\n<figure class=\"wp-block-image size-large\"><img loading=\"lazy\" decoding=\"async\" width=\"1024\" height=\"683\" src=\"https:\/\/corrientesdetarde.com\/wp-content\/uploads\/2024\/03\/WhatsApp-Image-2024-03-22-at-12.43.42_f04977e0-1024x683.jpg\" alt=\"\" class=\"wp-image-134784\" srcset=\"https:\/\/corrientesdetarde.com\/wp-content\/uploads\/2024\/03\/WhatsApp-Image-2024-03-22-at-12.43.42_f04977e0-1024x683.jpg 1024w, https:\/\/corrientesdetarde.com\/wp-content\/uploads\/2024\/03\/WhatsApp-Image-2024-03-22-at-12.43.42_f04977e0-300x200.jpg 300w, https:\/\/corrientesdetarde.com\/wp-content\/uploads\/2024\/03\/WhatsApp-Image-2024-03-22-at-12.43.42_f04977e0-768x512.jpg 768w, https:\/\/corrientesdetarde.com\/wp-content\/uploads\/2024\/03\/WhatsApp-Image-2024-03-22-at-12.43.42_f04977e0-1536x1024.jpg 1536w, https:\/\/corrientesdetarde.com\/wp-content\/uploads\/2024\/03\/WhatsApp-Image-2024-03-22-at-12.43.42_f04977e0.jpg 1599w\" sizes=\"auto, (max-width: 1024px) 100vw, 1024px\" \/><\/figure>\n","protected":false},"excerpt":{"rendered":"<p>El Vicegobernador, Pedro Braillard Poccard, firm\u00f3 un convenio marco de cooperaci\u00f3n, que permite continuar colaborando con la Fundaci\u00f3n para la promoci\u00f3n humana Sacerdote Jesuita Ignacio Villar Centro Conin, una instituci\u00f3n&hellip; <\/p>\n","protected":false},"author":1,"featured_media":134785,"comment_status":"closed","ping_status":"open","sticky":false,"template":"","format":"standard","meta":{"footnotes":""},"categories":[17],"tags":[],"class_list":["post-134783","post","type-post","status-publish","format-standard","has-post-thumbnail","hentry","category-sociales"],"_links":{"self":[{"href":"https:\/\/corrientesdetarde.com\/index.php\/wp-json\/wp\/v2\/posts\/134783","targetHints":{"allow":["GET"]}}],"collection":[{"href":"https:\/\/corrientesdetarde.com\/index.php\/wp-json\/wp\/v2\/posts"}],"about":[{"href":"https:\/\/corrientesdetarde.com\/index.php\/wp-json\/wp\/v2\/types\/post"}],"author":[{"embeddable":true,"href":"https:\/\/corrientesdetarde.com\/index.php\/wp-json\/wp\/v2\/users\/1"}],"replies":[{"embeddable":true,"href":"https:\/\/corrientesdetarde.com\/index.php\/wp-json\/wp\/v2\/comments?post=134783"}],"version-history":[{"count":1,"href":"https:\/\/corrientesdetarde.com\/index.php\/wp-json\/wp\/v2\/posts\/134783\/revisions"}],"predecessor-version":[{"id":134786,"href":"https:\/\/corrientesdetarde.com\/index.php\/wp-json\/wp\/v2\/posts\/134783\/revisions\/134786"}],"wp:featuredmedia":[{"embeddable":true,"href":"https:\/\/corrientesdetarde.com\/index.php\/wp-json\/wp\/v2\/media\/134785"}],"wp:attachment":[{"href":"https:\/\/corrientesdetarde.com\/index.php\/wp-json\/wp\/v2\/media?parent=134783"}],"wp:term":[{"taxonomy":"category","embeddable":true,"href":"https:\/\/corrientesdetarde.com\/index.php\/wp-json\/wp\/v2\/categories?post=134783"},{"taxonomy":"post_tag","embeddable":true,"href":"https:\/\/corrientesdetarde.com\/index.php\/wp-json\/wp\/v2\/tags?post=134783"}],"curies":[{"name":"wp","href":"https:\/\/api.w.org\/{rel}","templated":true}]}}