{"id":13480,"date":"2022-10-22T10:57:57","date_gmt":"2022-10-22T13:57:57","guid":{"rendered":"https:\/\/corrientesdetarde.com\/?p=13480"},"modified":"2022-10-22T10:58:00","modified_gmt":"2022-10-22T13:58:00","slug":"el-papa-le-envio-una-carta-a-larreta-y-hablo-de-la-unidad-somos-parte-de-la-solucion","status":"publish","type":"post","link":"https:\/\/corrientesdetarde.com\/index.php\/informacion-general\/el-papa-le-envio-una-carta-a-larreta-y-hablo-de-la-unidad-somos-parte-de-la-solucion\/","title":{"rendered":"El Papa le envi\u00f3 una carta a Larreta y habl\u00f3 de la unidad: &#8220;Somos parte de la soluci\u00f3n&#8221;"},"content":{"rendered":"\n<p>Horacio Rodr\u00edguez Larreta recibi\u00f3 una carta del Papa Francisco en medio de la Cumbre de Alcaldes C40 y resalt\u00f3 el trabajo en com\u00fan para encontrar soluciones.<\/p>\n\n\n\n<p>El Papa Francisco fue invitado por Horacio Rodr\u00edguez Larreta para ser parte de la Cumbre Mundial de Alcaldes de C40. Sin embargo, no asisti\u00f3 al encuentro y en cambio agradeci\u00f3 el gesto del Jefe de Gobierno de la Ciudad de Buenos Aires con una carta.<\/p>\n\n\n\n<p>A trav\u00e9s del escrito, adem\u00e1s de referirse a los acuerdos con los dem\u00e1s pa\u00edses y el cambio clim\u00e1tico como eje, el principal t\u00f3pico de la reuni\u00f3n, el Papa Francisco resalt\u00f3 la importancia de la unidad. Cabe mencionar que en 2023 se llevar\u00e1n adelante las elecciones presidenciales.<\/p>\n\n\n\n<p>En este contexto, en la pol\u00edtica argentina trascendieron distintas fracturas internas entre los partidos. Por lo que el Papa Francisco habr\u00eda hecho un sutil comentario al respecto en la carta a Rodr\u00edguez Larreta.<\/p>\n\n\n\n<p>De esta manera, remarc\u00f3 al principio del escrito que urge &#8220;la mayor participaci\u00f3n de todos los ciudadanos en la b\u00fasqueda de soluciones reales&#8221;. Dicha cooperaci\u00f3n debe adem\u00e1s, &#8220;trascender fronteras y mancomunar esfuerzos&#8221; para as\u00ed &#8220;generar un di\u00e1logo&#8221;.<\/p>\n\n\n\n<p>&#8220;Esta cumbre convocada por Ustedes, alcaldes de distintas ciudades, y la din\u00e1mica de trabajo propuesta tiene la particularidad y la riqueza de una doble perspectiva que sortea dial\u00e9cticas o falsos antagonismos&#8221;, se\u00f1al\u00f3 el sumo pont\u00edfice.<\/p>\n\n\n\n<p>Luego, continu\u00f3, &#8220;Al reunirse, Ustedes reconocen la imperiosa necesidad de ampliar la mirada y buscar un bien mayor que favorecer\u00e1 a todos&#8221;. &#8220;Pero lo hacen sin evadirse ni desarraigarse de las problem\u00e1ticas como de las posibilidades que sus ciudades representan&#8221;, remarc\u00f3.<\/p>\n\n\n\n<p>Al finalizar, cit\u00f3 un pasaje de su enc\u00edclica Laudato S\u00ed publicada en 2015, en l\u00ednea con el cambio ecol\u00f3gico que mencion\u00f3 en su carta.<\/p>\n\n\n\n<p>&#8220;Darle a ciudadan\u00eda a la b\u00fasqueda de transformaciones estructurales que permitan reducir la contaminaci\u00f3n clim\u00e1tica nos impulsa a \u2018reconocer que un verdadero planteo ecol\u00f3gico se convierte siempre en un planteo social&#8221;, afirm\u00f3.<\/p>\n\n\n\n<p>El mismo, expres\u00f3 &#8220;debe integrar la justicia en las discusiones sobre el ambiente, para escuchar tanto el clamor de la tierra como el clamor de los pobres\u2019.<\/p>\n","protected":false},"excerpt":{"rendered":"<p>Horacio Rodr\u00edguez Larreta recibi\u00f3 una carta del Papa Francisco en medio de la Cumbre de Alcaldes C40 y resalt\u00f3 el trabajo en com\u00fan para encontrar soluciones. El Papa Francisco fue&hellip; <\/p>\n","protected":false},"author":3,"featured_media":13481,"comment_status":"closed","ping_status":"open","sticky":false,"template":"","format":"standard","meta":{"footnotes":""},"categories":[1],"tags":[],"class_list":["post-13480","post","type-post","status-publish","format-standard","has-post-thumbnail","hentry","category-informacion-general"],"_links":{"self":[{"href":"https:\/\/corrientesdetarde.com\/index.php\/wp-json\/wp\/v2\/posts\/13480","targetHints":{"allow":["GET"]}}],"collection":[{"href":"https:\/\/corrientesdetarde.com\/index.php\/wp-json\/wp\/v2\/posts"}],"about":[{"href":"https:\/\/corrientesdetarde.com\/index.php\/wp-json\/wp\/v2\/types\/post"}],"author":[{"embeddable":true,"href":"https:\/\/corrientesdetarde.com\/index.php\/wp-json\/wp\/v2\/users\/3"}],"replies":[{"embeddable":true,"href":"https:\/\/corrientesdetarde.com\/index.php\/wp-json\/wp\/v2\/comments?post=13480"}],"version-history":[{"count":1,"href":"https:\/\/corrientesdetarde.com\/index.php\/wp-json\/wp\/v2\/posts\/13480\/revisions"}],"predecessor-version":[{"id":13482,"href":"https:\/\/corrientesdetarde.com\/index.php\/wp-json\/wp\/v2\/posts\/13480\/revisions\/13482"}],"wp:featuredmedia":[{"embeddable":true,"href":"https:\/\/corrientesdetarde.com\/index.php\/wp-json\/wp\/v2\/media\/13481"}],"wp:attachment":[{"href":"https:\/\/corrientesdetarde.com\/index.php\/wp-json\/wp\/v2\/media?parent=13480"}],"wp:term":[{"taxonomy":"category","embeddable":true,"href":"https:\/\/corrientesdetarde.com\/index.php\/wp-json\/wp\/v2\/categories?post=13480"},{"taxonomy":"post_tag","embeddable":true,"href":"https:\/\/corrientesdetarde.com\/index.php\/wp-json\/wp\/v2\/tags?post=13480"}],"curies":[{"name":"wp","href":"https:\/\/api.w.org\/{rel}","templated":true}]}}