{"id":13483,"date":"2022-10-22T11:00:06","date_gmt":"2022-10-22T14:00:06","guid":{"rendered":"https:\/\/corrientesdetarde.com\/?p=13483"},"modified":"2022-10-22T11:00:09","modified_gmt":"2022-10-22T14:00:09","slug":"la-fec-reune-a-intendentes-y-legisladores-en-busca-de-un-proyecto-ejecutivo-para-la-ruta-14","status":"publish","type":"post","link":"https:\/\/corrientesdetarde.com\/index.php\/politica\/la-fec-reune-a-intendentes-y-legisladores-en-busca-de-un-proyecto-ejecutivo-para-la-ruta-14\/","title":{"rendered":"La FEC re\u00fane a intendentes y legisladores en busca de un proyecto ejecutivo para la ruta 14"},"content":{"rendered":"\n<p>El presidente de la Federaci\u00f3n Econ\u00f3mica de Corrientes visit\u00f3 al director propietario del diario El Litoral para analizar la situaci\u00f3n de la infraestructura vial en la costa del r\u00edo Uruguay.\u00a0<\/p>\n\n\n\n<p>La Federaci\u00f3n Econ\u00f3mica de Corrientes (FEC) realizar\u00e1 el lunes, a las 18, una reuni\u00f3n con diez intendentes de la regi\u00f3n, legisladores y empresarios para avanzar en las gestiones de un proyecto ejecutivo para la obra de autov\u00eda en la ruta nacional 14.&nbsp;<\/p>\n\n\n\n<p>Jorge G\u00f3mez, presidente de la FEC, visit\u00f3 al director propietario del diario El Litoral, Carlos Romero Feris, y al director ejecutivo, Juan Jos\u00e9 Romero Feris, para analizar la situaci\u00f3n de la infraestructura vial en la costa del r\u00edo Uruguay.&nbsp;<\/p>\n\n\n\n<p>\u201cCon las forestadoras, la planta de biomasa, la promoci\u00f3n del corredor jesu\u00edtico, la ruta nacional 14 es un riesgo para todos. Es una via angosta con mucha circulaci\u00f3n de veh\u00edculos. Los siniestros fatales han aumentado de manera considerada\u201d, detall\u00f3 G\u00f3mez.&nbsp;<\/p>\n\n\n\n<p>Ante esta realidad, la FEC inici\u00f3 gestiones para intentar avanzar en un proyecto ejecutivo para la construcci\u00f3n de una autov\u00eda en la ruta nacional 14.<\/p>\n\n\n\n<p>No ser\u00e1 la primera reuni\u00f3n, la Federaci\u00f3n Econ\u00f3mica ya hab\u00eda logrado reunir a los intendentes de la costa del r\u00edo Uruguay para comenzar las gestiones.&nbsp;<\/p>\n\n\n\n<p>\u201cTenemos que lograr el compromiso de avanzar con el proyecto ejecutivo para la obra. M\u00e1s all\u00e1 de que el presupuesto nacional 2023 incluya obras de ensanchamiento en la ruta\u201d, explic\u00f3.<\/p>\n\n\n\n<p>\u201cNosotros necesitamos una autov\u00eda por todo Corrientes y Misiones. Hay mucha industria y por la ruta transitan 1800 camiones por d\u00eda. Es muy dif\u00edcil garantizar seguridad para todos con el estado actual de la ruta\u201d, detall\u00f3.<\/p>\n\n\n\n<p>Por eso, la FEC reunir\u00e1 el lunes, a las 18, en su sede de 25 de Mayo 1429 a 10 intendentes, tanto de Corrientes como de Misiones, y a legisladores nacionales. &nbsp;<\/p>\n","protected":false},"excerpt":{"rendered":"<p>El presidente de la Federaci\u00f3n Econ\u00f3mica de Corrientes visit\u00f3 al director propietario del diario El Litoral para analizar la situaci\u00f3n de la infraestructura vial en la costa del r\u00edo Uruguay.\u00a0&hellip; <\/p>\n","protected":false},"author":3,"featured_media":13484,"comment_status":"closed","ping_status":"open","sticky":false,"template":"","format":"standard","meta":{"footnotes":""},"categories":[3],"tags":[],"class_list":["post-13483","post","type-post","status-publish","format-standard","has-post-thumbnail","hentry","category-politica"],"_links":{"self":[{"href":"https:\/\/corrientesdetarde.com\/index.php\/wp-json\/wp\/v2\/posts\/13483","targetHints":{"allow":["GET"]}}],"collection":[{"href":"https:\/\/corrientesdetarde.com\/index.php\/wp-json\/wp\/v2\/posts"}],"about":[{"href":"https:\/\/corrientesdetarde.com\/index.php\/wp-json\/wp\/v2\/types\/post"}],"author":[{"embeddable":true,"href":"https:\/\/corrientesdetarde.com\/index.php\/wp-json\/wp\/v2\/users\/3"}],"replies":[{"embeddable":true,"href":"https:\/\/corrientesdetarde.com\/index.php\/wp-json\/wp\/v2\/comments?post=13483"}],"version-history":[{"count":1,"href":"https:\/\/corrientesdetarde.com\/index.php\/wp-json\/wp\/v2\/posts\/13483\/revisions"}],"predecessor-version":[{"id":13485,"href":"https:\/\/corrientesdetarde.com\/index.php\/wp-json\/wp\/v2\/posts\/13483\/revisions\/13485"}],"wp:featuredmedia":[{"embeddable":true,"href":"https:\/\/corrientesdetarde.com\/index.php\/wp-json\/wp\/v2\/media\/13484"}],"wp:attachment":[{"href":"https:\/\/corrientesdetarde.com\/index.php\/wp-json\/wp\/v2\/media?parent=13483"}],"wp:term":[{"taxonomy":"category","embeddable":true,"href":"https:\/\/corrientesdetarde.com\/index.php\/wp-json\/wp\/v2\/categories?post=13483"},{"taxonomy":"post_tag","embeddable":true,"href":"https:\/\/corrientesdetarde.com\/index.php\/wp-json\/wp\/v2\/tags?post=13483"}],"curies":[{"name":"wp","href":"https:\/\/api.w.org\/{rel}","templated":true}]}}