{"id":134835,"date":"2024-03-22T14:50:20","date_gmt":"2024-03-22T17:50:20","guid":{"rendered":"https:\/\/corrientesdetarde.com\/?p=134835"},"modified":"2024-03-22T14:50:34","modified_gmt":"2024-03-22T17:50:34","slug":"continua-exposicion-de-autos-antiguos-en-la-feria-de-emprendedores","status":"publish","type":"post","link":"https:\/\/corrientesdetarde.com\/index.php\/eventos\/continua-exposicion-de-autos-antiguos-en-la-feria-de-emprendedores\/","title":{"rendered":"Contin\u00faa exposici\u00f3n de autos antiguos en la feria de emprendedores"},"content":{"rendered":"\n<p>Las ferias de emprendedores, dependientes del Ministerio de Desarrollo Social de la Provincia, tendr\u00e1n lugar como cada fin de semana durante este domingo, en el Paseo Iber\u00e1 y en el Parque El Eucaliptal del barrio San Ger\u00f3nimo, en la ciudad de Corrientes. En ese sentido, se continuar\u00e1 con la exhibici\u00f3n de autos antiguos, show de hip hop y zumba.<\/p>\n\n\n\n<p>La Feria Expo-emprendedora se llavar\u00e1 adelante en el Paseo Iber\u00e1, ubicado en la bajada del Puente General Belgrano, a partir de las 18 horas, con la participaci\u00f3n, exposici\u00f3n y venta de emprendedores artesanales, gastron\u00f3micos y de reventa, en diversos rubros como textil, tejido, talabarter\u00eda, cuero, bijouterie, viveristas, adornos para el hogar, juegos did\u00e1cticos, todo para el ingreso escolar y el sector gastron\u00f3mico con patio de comidas y actuaci\u00f3n de bandas en vivo.<\/p>\n\n\n\n<p>En la oportunidad tambi\u00e9n habr\u00e1 exposici\u00f3n de autos antiguos a cargo de la Asociaci\u00f3n Team Baranda, quienes adem\u00e1s estar\u00e1n recolectando ropas y alimentos para los inundados. En el marco del &#8220;Flow de mi provincia&#8221;, se realizar\u00e1 exhibici\u00f3n de hip hop, coordinado por la Direcci\u00f3n de Juventud, y Zumba con Zin Hern\u00e1n Sosa.<\/p>\n\n\n\n<p>Por otra parte, artesanos y emprendedores estar\u00e1n adem\u00e1s este domingo en el Parque El Eucaliptal del barrio San Ger\u00f3nimo, exponiendo y comercializando sus productos como cada semana, desde las 18 horas. Cabe recordar que ambas ferias, se llevan adelante gracias al trabajo de la Direcci\u00f3n de Comercializaci\u00f3n, cuya titular es D\u00e9bora Galarza Alcaraz.<\/p>\n\n\n\n<p><strong>Paseo San Luis<\/strong><\/p>\n\n\n\n<p>El Paseo San Luis ser\u00e1 otro espacio que estar\u00e1 disponible este viernes en el coraz\u00f3n del barrio Camba Cu\u00e1, en San Luis 680. Oscarcito Ferreyra estar\u00e1 musicalizando la velada con temas de los \u00b480 y \u00b490, &#8220;un lugar especial para disfrutarlo en familia o con amigos&#8221;, expresaron desde la organizaci\u00f3n, quienes informaron adem\u00e1s que se contar\u00e1 con patio de comidas, emprendedores gastron\u00f3micos con una variedad de platos r\u00e1pidos y artesan\u00edas.<\/p>\n\n\n\n<figure class=\"wp-block-image size-full\"><img loading=\"lazy\" decoding=\"async\" width=\"960\" height=\"870\" src=\"https:\/\/corrientesdetarde.com\/wp-content\/uploads\/2024\/03\/image-573.png\" alt=\"\" class=\"wp-image-134836\" srcset=\"https:\/\/corrientesdetarde.com\/wp-content\/uploads\/2024\/03\/image-573.png 960w, https:\/\/corrientesdetarde.com\/wp-content\/uploads\/2024\/03\/image-573-300x272.png 300w, https:\/\/corrientesdetarde.com\/wp-content\/uploads\/2024\/03\/image-573-768x696.png 768w\" sizes=\"auto, (max-width: 960px) 100vw, 960px\" \/><\/figure>\n\n\n\n<figure class=\"wp-block-image size-full\"><img loading=\"lazy\" decoding=\"async\" width=\"960\" height=\"872\" src=\"https:\/\/corrientesdetarde.com\/wp-content\/uploads\/2024\/03\/image-574.png\" alt=\"\" class=\"wp-image-134837\" srcset=\"https:\/\/corrientesdetarde.com\/wp-content\/uploads\/2024\/03\/image-574.png 960w, https:\/\/corrientesdetarde.com\/wp-content\/uploads\/2024\/03\/image-574-300x273.png 300w, https:\/\/corrientesdetarde.com\/wp-content\/uploads\/2024\/03\/image-574-768x698.png 768w\" sizes=\"auto, (max-width: 960px) 100vw, 960px\" \/><\/figure>\n","protected":false},"excerpt":{"rendered":"<p>Las ferias de emprendedores, dependientes del Ministerio de Desarrollo Social de la Provincia, tendr\u00e1n lugar como cada fin de semana durante este domingo, en el Paseo Iber\u00e1 y en el&hellip; <\/p>\n","protected":false},"author":8,"featured_media":134838,"comment_status":"closed","ping_status":"open","sticky":false,"template":"","format":"standard","meta":{"footnotes":""},"categories":[22],"tags":[],"class_list":["post-134835","post","type-post","status-publish","format-standard","has-post-thumbnail","hentry","category-eventos"],"_links":{"self":[{"href":"https:\/\/corrientesdetarde.com\/index.php\/wp-json\/wp\/v2\/posts\/134835","targetHints":{"allow":["GET"]}}],"collection":[{"href":"https:\/\/corrientesdetarde.com\/index.php\/wp-json\/wp\/v2\/posts"}],"about":[{"href":"https:\/\/corrientesdetarde.com\/index.php\/wp-json\/wp\/v2\/types\/post"}],"author":[{"embeddable":true,"href":"https:\/\/corrientesdetarde.com\/index.php\/wp-json\/wp\/v2\/users\/8"}],"replies":[{"embeddable":true,"href":"https:\/\/corrientesdetarde.com\/index.php\/wp-json\/wp\/v2\/comments?post=134835"}],"version-history":[{"count":1,"href":"https:\/\/corrientesdetarde.com\/index.php\/wp-json\/wp\/v2\/posts\/134835\/revisions"}],"predecessor-version":[{"id":134839,"href":"https:\/\/corrientesdetarde.com\/index.php\/wp-json\/wp\/v2\/posts\/134835\/revisions\/134839"}],"wp:featuredmedia":[{"embeddable":true,"href":"https:\/\/corrientesdetarde.com\/index.php\/wp-json\/wp\/v2\/media\/134838"}],"wp:attachment":[{"href":"https:\/\/corrientesdetarde.com\/index.php\/wp-json\/wp\/v2\/media?parent=134835"}],"wp:term":[{"taxonomy":"category","embeddable":true,"href":"https:\/\/corrientesdetarde.com\/index.php\/wp-json\/wp\/v2\/categories?post=134835"},{"taxonomy":"post_tag","embeddable":true,"href":"https:\/\/corrientesdetarde.com\/index.php\/wp-json\/wp\/v2\/tags?post=134835"}],"curies":[{"name":"wp","href":"https:\/\/api.w.org\/{rel}","templated":true}]}}