{"id":134840,"date":"2024-03-22T15:29:20","date_gmt":"2024-03-22T18:29:20","guid":{"rendered":"https:\/\/corrientesdetarde.com\/?p=134840"},"modified":"2024-03-22T15:29:32","modified_gmt":"2024-03-22T18:29:32","slug":"seguimos-consolidando-a-corrientes-como-capital-nacional-del-carnaval-apostando-al-desarrollo-turistico-y-al-crecimiento-economico-de-la-ciudad","status":"publish","type":"post","link":"https:\/\/corrientesdetarde.com\/index.php\/sociales\/seguimos-consolidando-a-corrientes-como-capital-nacional-del-carnaval-apostando-al-desarrollo-turistico-y-al-crecimiento-economico-de-la-ciudad\/","title":{"rendered":"\u201cSeguimos consolidando a Corrientes como Capital Nacional del Carnaval, apostando al desarrollo tur\u00edstico y al crecimiento econ\u00f3mico de la ciudad\u201d"},"content":{"rendered":"\n<p><em>El intendente Eduardo Tassano acompa\u00f1\u00f3 al gobernador Gustavo Vald\u00e9s en la apertura del Centro de Interpretaci\u00f3n del Carnaval, un espacio que conjuga identidad cultural, impulso al turismo y desarrollo econ\u00f3mico.<\/em><\/p>\n\n\n\n<p>Este viernes por la ma\u00f1ana, el intendente Eduardo Tassano acompa\u00f1\u00f3 al gobernador Gustavo Vald\u00e9s en la inauguraci\u00f3n del Centro de Interpretaci\u00f3n del Carnaval, ubicado en una casona sobre la calle Pellegrini. Este centro est\u00e1 destinado a destacar la historia y presente de los carnavales, los cuales son una de las principales atracciones de la ciudad y -de esta manera- motor de turismo y desarrollo econ\u00f3mico.<br>El nuevo museo- que se ubica en una casona del a\u00f1o 880 recuperada por el gobierno provincial- se suma al corredor de museos de Corrientes, siendo un ejemplo m\u00e1s de las acciones conjuntas entre provincia y municipio para aumentar el comercio y la actividad econ\u00f3mica de la ciudad a partir del turismo local, nacional y extranjero.&nbsp;<br>El Instituto de Cultura de la Provincia fue el encargado de llevar adelante el armado del museo, quien puso en exposici\u00f3n los majestuosos trajes de comparseros y los estandartes de las distintas agrupaciones. Asimismo, el museo ofrece distintos contenidos audiovisuales que acompa\u00f1an el recorrido por los salones.<br><br>APUESTA AL DESARROLLO TUR\u00cdSTICO<br>\u201cRealizamos el corte de cinta de una obra que nos da mucha satisfacci\u00f3n y que ya para esta Semana Santa estar\u00e1 formando parte del corredor de museos\u201d, expres\u00f3 el intendente. En ese sentido, Tassano destac\u00f3 que junto al Gobierno provincial \u201cestamos dando un paso m\u00e1s en la revalorizaci\u00f3n de la cultura carnestolenda\u201d y a\u00f1adi\u00f3: \u201cMostramos el esfuerzo que significa montar y mantener viva la industria cultural\u201d.<br>A su vez, remarc\u00f3 la importancia de mantener en vigencia tanto los Carnavales Oficiales como los Carnavales Barriales ya que \u201cgeneran puestos de trabajo a miles de familias\u201d y \u201ccada uno de ellos hacen que construyamos la Capital Nacional del Carnaval, apostando al desarrollo tur\u00edstico y econ\u00f3mico de la ciudad\u201d.<br>Finalmente, Tassano indic\u00f3 que junto a Provincia se encuentran trabajando para provincializar los Carnavales Oficiales.<\/p>\n\n\n\n<p><br><a href=\"https:\/\/ciudaddecorrientes.us12.list-manage.com\/track\/click?u=253e4bcff71216c6af771c3c9&amp;id=d434f03863&amp;e=17643edfa8\" target=\"_blank\" rel=\"noreferrer noopener\">https:\/\/www.youtube.com\/watch?v=IwkZ553kqJ4<\/a><br>\u00a0<\/p>\n","protected":false},"excerpt":{"rendered":"<p>El intendente Eduardo Tassano acompa\u00f1\u00f3 al gobernador Gustavo Vald\u00e9s en la apertura del Centro de Interpretaci\u00f3n del Carnaval, un espacio que conjuga identidad cultural, impulso al turismo y desarrollo econ\u00f3mico.&hellip; <\/p>\n","protected":false},"author":8,"featured_media":134841,"comment_status":"closed","ping_status":"open","sticky":false,"template":"","format":"standard","meta":{"footnotes":""},"categories":[17],"tags":[],"class_list":["post-134840","post","type-post","status-publish","format-standard","has-post-thumbnail","hentry","category-sociales"],"_links":{"self":[{"href":"https:\/\/corrientesdetarde.com\/index.php\/wp-json\/wp\/v2\/posts\/134840","targetHints":{"allow":["GET"]}}],"collection":[{"href":"https:\/\/corrientesdetarde.com\/index.php\/wp-json\/wp\/v2\/posts"}],"about":[{"href":"https:\/\/corrientesdetarde.com\/index.php\/wp-json\/wp\/v2\/types\/post"}],"author":[{"embeddable":true,"href":"https:\/\/corrientesdetarde.com\/index.php\/wp-json\/wp\/v2\/users\/8"}],"replies":[{"embeddable":true,"href":"https:\/\/corrientesdetarde.com\/index.php\/wp-json\/wp\/v2\/comments?post=134840"}],"version-history":[{"count":1,"href":"https:\/\/corrientesdetarde.com\/index.php\/wp-json\/wp\/v2\/posts\/134840\/revisions"}],"predecessor-version":[{"id":134842,"href":"https:\/\/corrientesdetarde.com\/index.php\/wp-json\/wp\/v2\/posts\/134840\/revisions\/134842"}],"wp:featuredmedia":[{"embeddable":true,"href":"https:\/\/corrientesdetarde.com\/index.php\/wp-json\/wp\/v2\/media\/134841"}],"wp:attachment":[{"href":"https:\/\/corrientesdetarde.com\/index.php\/wp-json\/wp\/v2\/media?parent=134840"}],"wp:term":[{"taxonomy":"category","embeddable":true,"href":"https:\/\/corrientesdetarde.com\/index.php\/wp-json\/wp\/v2\/categories?post=134840"},{"taxonomy":"post_tag","embeddable":true,"href":"https:\/\/corrientesdetarde.com\/index.php\/wp-json\/wp\/v2\/tags?post=134840"}],"curies":[{"name":"wp","href":"https:\/\/api.w.org\/{rel}","templated":true}]}}