{"id":134843,"date":"2024-03-22T15:33:06","date_gmt":"2024-03-22T18:33:06","guid":{"rendered":"https:\/\/corrientesdetarde.com\/?p=134843"},"modified":"2024-03-22T15:33:18","modified_gmt":"2024-03-22T18:33:18","slug":"el-gobernador-valdes-recorrio-las-obras-del-instituto-de-oncologia-estamos-avanzando-con-fuerza","status":"publish","type":"post","link":"https:\/\/corrientesdetarde.com\/index.php\/locales\/el-gobernador-valdes-recorrio-las-obras-del-instituto-de-oncologia-estamos-avanzando-con-fuerza\/","title":{"rendered":"El gobernador Vald\u00e9s recorri\u00f3 las obras del Instituto de Oncolog\u00eda: &#8220;Estamos avanzando con fuerza&#8221;"},"content":{"rendered":"\n<p>El gobernador Gustavo Vald\u00e9s recorri\u00f3 este viernes las obras del Instituto de Oncolog\u00eda de Corrientes, afirmando que tendr\u00e1 &#8220;la aparatolog\u00eda m\u00e1s moderna de Sudam\u00e9rica&#8221;. En la esquina de Chacabuco y Moreno de la Capital, los trabajos alcanzan ya un 34% del proyecto. &#8220;Estamos avanzando con fuerza, invirtiendo muchos recursos 100% correntinos&#8221;, sostuvo al respecto el Mandatario.<\/p>\n\n\n\n<p>\u201cEsta es una obra muy significativa para toda la comunidad, que ya presenta un avance de m\u00e1s del 30% y la inversi\u00f3n es permanente para poder terminarlo cuanto antes\u201d, manifest\u00f3 Vald\u00e9s en un alto de la recorrida, en la que estuvo acompa\u00f1ado por el vicegobernador Pedro Braillard Poccard; el ministro de Salud P\u00fablica de la Provincia, Ricardo Cardozo; el intendente de la ciudad de Corrientes, Eduardo Tassano; el ministro de Salud, Ricardo Cardozo; el director del Servicio de Oncolog\u00eda del Hospital Vidal, Jorge Zimmerman, entre otras autoridades.<\/p>\n\n\n\n<p>Puso de manifiesto que \u201cadem\u00e1s de las obras, estamos viendo los lugares en donde se va a instalar la aparatolog\u00eda que va a ser una de las m\u00e1s modernas de Sudam\u00e9rica\u201d. A su vez, acot\u00f3 que el Instituto va a contar con los mejores equipos oncol\u00f3gicos para el tratamiento de tumores, se\u00f1alando que Corrientes est\u00e1 a la vanguardia y \u201cesto muestra la capacidad de nuestros m\u00e9dicos e ingenieros\u201d.<\/p>\n\n\n\n<p>En tanto, el Gobernador consider\u00f3 que el Instituto de Oncolog\u00eda \u201cnos va a permitir salvar vidas\u201d y ratific\u00f3 que esta obra es posible \u201cgracias al esfuerzo y los recursos que son de todos los correntinos\u201d. Vale se\u00f1alar que esta construcci\u00f3n, llevada adelante por el Ministerio de Obras y Servicios P\u00fablicos, a trav\u00e9s de su Unidad de Arquitectura Hospitalaria (UAH), est\u00e1 ubicada en la esquina de Moreno y Chacabuco de la Capital y contar\u00e1 con los siguientes espacios: hall de espera, admisi\u00f3n general, consultorios externos y hospital de d\u00eda.<\/p>\n\n\n\n<p>En cuanto al \u00e1rea de diagn\u00f3stico por im\u00e1genes, el mismo contar\u00e1 con mam\u00f3grafo, rayos X, equipo de tomograf\u00eda y de resonancia magn\u00e9tica. El \u00e1rea de tratamiento de radioterapia tendr\u00e1 un acelerador lineal rotatorio Radixact y contar\u00e1 con un \u00e1rea de braquiterapia, mientras que el sector de medicina nuclear, poseer\u00e1 equipos de PET-CT y SPEC-CT, de \u00faltima generaci\u00f3n en el tratamiento del c\u00e1ncer.<\/p>\n\n\n\n<p><strong>Equipamiento de \u00faltima generaci\u00f3n<\/strong><\/p>\n\n\n\n<p>Por su parte, el ministro Ricardo Cardozo, resalt\u00f3 \u201cel avance de obra, poder ver la estructura important\u00edsima que tiene, la amplitud ya que estamos hablando de m\u00e1s de 4000 m2, y por supuesto la utilidad que va a tener para todos nuestros pacientes con c\u00e1ncer\u201d. Sobre el equipamiento avanzado con el que se va a contar, indic\u00f3 que \u201ctenemos que dividir por un lado lo que es diagn\u00f3stico por imagen, donde est\u00e1 el tom\u00f3grafo y el resonador que son de \u00faltima generaci\u00f3n\u201d, y, por otra parte, \u201cest\u00e1 el sector de tratamiento, que incluye el \u00e1rea de braquiterapia y radioterapia, con un aparato que es el \u00fanico que hay en Latinoam\u00e9rica, con la particularidad de que hace que la radiaci\u00f3n sea m\u00ednima y el tiempo de radiaci\u00f3n sea lo menor posible\u201d.<\/p>\n\n\n\n<p>Con respecto a la capacidad de pacientes que puede contener el Instituto, manifest\u00f3 que \u201ctenemos un sector que se llama Hospital de D\u00eda con 20 camas: no es para una internaci\u00f3n convencional, es para que el paciente venga, se haga la quimio, por eso las camas ser\u00e1n exponenciales seg\u00fan el n\u00famero de pacientes que est\u00e9n\u201d. \u201cEsto tiene mucha importancia porque el c\u00e1ncer es una patolog\u00eda que est\u00e1 creciendo en el mundo, lo vemos en nuestra estad\u00edstica en Corrientes, donde en cuanto a mortalidad esta cabeza a cabeza con las enfermedades cardiovasculares\u201d, puso de relieve y a\u00f1adi\u00f3 que \u201cesto viene a dar respuesta a la problem\u00e1tica sanitaria para los correntinos\u201d.<\/p>\n\n\n\n<p>\u201cVa ayudar a ahorrar mucho econ\u00f3micamente al paciente, comparado con los tratamientos convencionales\u201d, cont\u00f3. Y por \u00faltimo, Cardozo explic\u00f3 que dicho Instituto \u201cva a estar articulado con todo el sistema de salud, porque el Servicio de Oncolog\u00eda Quir\u00fargica va a estar articulado con el sistema oncol\u00f3gico del Vidal y tambi\u00e9n con el&nbsp; Centro Oncol\u00f3gico Bonatti de Curuz\u00fa Cuati\u00e1 que es privado, as\u00ed que se va a insertar perfectamente y con todos los otros hospitales que puedan derivar pacientes potencialmente oncol\u00f3gicos\u201d.<\/p>\n\n\n\n<figure class=\"wp-block-image size-large\"><img loading=\"lazy\" decoding=\"async\" width=\"1024\" height=\"683\" src=\"https:\/\/corrientesdetarde.com\/wp-content\/uploads\/2024\/03\/image-576-1024x683.png\" alt=\"\" class=\"wp-image-134844\" srcset=\"https:\/\/corrientesdetarde.com\/wp-content\/uploads\/2024\/03\/image-576-1024x683.png 1024w, https:\/\/corrientesdetarde.com\/wp-content\/uploads\/2024\/03\/image-576-300x200.png 300w, https:\/\/corrientesdetarde.com\/wp-content\/uploads\/2024\/03\/image-576-768x512.png 768w, https:\/\/corrientesdetarde.com\/wp-content\/uploads\/2024\/03\/image-576-1536x1024.png 1536w, https:\/\/corrientesdetarde.com\/wp-content\/uploads\/2024\/03\/image-576.png 1599w\" sizes=\"auto, (max-width: 1024px) 100vw, 1024px\" \/><\/figure>\n\n\n\n<figure class=\"wp-block-image size-large\"><img loading=\"lazy\" decoding=\"async\" width=\"1024\" height=\"730\" src=\"https:\/\/corrientesdetarde.com\/wp-content\/uploads\/2024\/03\/image-577-1024x730.png\" alt=\"\" class=\"wp-image-134845\" srcset=\"https:\/\/corrientesdetarde.com\/wp-content\/uploads\/2024\/03\/image-577-1024x730.png 1024w, https:\/\/corrientesdetarde.com\/wp-content\/uploads\/2024\/03\/image-577-300x214.png 300w, https:\/\/corrientesdetarde.com\/wp-content\/uploads\/2024\/03\/image-577-768x548.png 768w, https:\/\/corrientesdetarde.com\/wp-content\/uploads\/2024\/03\/image-577.png 1419w\" sizes=\"auto, (max-width: 1024px) 100vw, 1024px\" \/><\/figure>\n\n\n\n<figure class=\"wp-block-image size-large\"><img loading=\"lazy\" decoding=\"async\" width=\"1024\" height=\"683\" src=\"https:\/\/corrientesdetarde.com\/wp-content\/uploads\/2024\/03\/image-578-1024x683.png\" alt=\"\" class=\"wp-image-134846\" srcset=\"https:\/\/corrientesdetarde.com\/wp-content\/uploads\/2024\/03\/image-578-1024x683.png 1024w, https:\/\/corrientesdetarde.com\/wp-content\/uploads\/2024\/03\/image-578-300x200.png 300w, https:\/\/corrientesdetarde.com\/wp-content\/uploads\/2024\/03\/image-578-768x512.png 768w, https:\/\/corrientesdetarde.com\/wp-content\/uploads\/2024\/03\/image-578-1536x1024.png 1536w, https:\/\/corrientesdetarde.com\/wp-content\/uploads\/2024\/03\/image-578.png 1599w\" sizes=\"auto, (max-width: 1024px) 100vw, 1024px\" \/><\/figure>\n\n\n\n<figure class=\"wp-block-image size-large\"><img loading=\"lazy\" decoding=\"async\" width=\"1024\" height=\"683\" src=\"https:\/\/corrientesdetarde.com\/wp-content\/uploads\/2024\/03\/image-579-1024x683.png\" alt=\"\" class=\"wp-image-134847\" srcset=\"https:\/\/corrientesdetarde.com\/wp-content\/uploads\/2024\/03\/image-579-1024x683.png 1024w, https:\/\/corrientesdetarde.com\/wp-content\/uploads\/2024\/03\/image-579-300x200.png 300w, https:\/\/corrientesdetarde.com\/wp-content\/uploads\/2024\/03\/image-579-768x512.png 768w, https:\/\/corrientesdetarde.com\/wp-content\/uploads\/2024\/03\/image-579-1536x1024.png 1536w, https:\/\/corrientesdetarde.com\/wp-content\/uploads\/2024\/03\/image-579.png 1599w\" sizes=\"auto, (max-width: 1024px) 100vw, 1024px\" \/><\/figure>\n\n\n\n<figure class=\"wp-block-image size-large\"><img loading=\"lazy\" decoding=\"async\" width=\"1024\" height=\"703\" src=\"https:\/\/corrientesdetarde.com\/wp-content\/uploads\/2024\/03\/image-580-1024x703.png\" alt=\"\" class=\"wp-image-134848\" srcset=\"https:\/\/corrientesdetarde.com\/wp-content\/uploads\/2024\/03\/image-580-1024x703.png 1024w, https:\/\/corrientesdetarde.com\/wp-content\/uploads\/2024\/03\/image-580-300x206.png 300w, https:\/\/corrientesdetarde.com\/wp-content\/uploads\/2024\/03\/image-580-768x527.png 768w, https:\/\/corrientesdetarde.com\/wp-content\/uploads\/2024\/03\/image-580.png 1396w\" sizes=\"auto, (max-width: 1024px) 100vw, 1024px\" \/><\/figure>\n\n\n\n<figure class=\"wp-block-image size-large\"><img loading=\"lazy\" decoding=\"async\" width=\"1024\" height=\"683\" src=\"https:\/\/corrientesdetarde.com\/wp-content\/uploads\/2024\/03\/image-581-1024x683.png\" alt=\"\" class=\"wp-image-134849\" srcset=\"https:\/\/corrientesdetarde.com\/wp-content\/uploads\/2024\/03\/image-581-1024x683.png 1024w, https:\/\/corrientesdetarde.com\/wp-content\/uploads\/2024\/03\/image-581-300x200.png 300w, https:\/\/corrientesdetarde.com\/wp-content\/uploads\/2024\/03\/image-581-768x512.png 768w, https:\/\/corrientesdetarde.com\/wp-content\/uploads\/2024\/03\/image-581-1536x1024.png 1536w, https:\/\/corrientesdetarde.com\/wp-content\/uploads\/2024\/03\/image-581.png 1599w\" sizes=\"auto, (max-width: 1024px) 100vw, 1024px\" \/><\/figure>\n\n\n\n<figure class=\"wp-block-image size-large\"><img loading=\"lazy\" decoding=\"async\" width=\"1024\" height=\"683\" src=\"https:\/\/corrientesdetarde.com\/wp-content\/uploads\/2024\/03\/image-582-1024x683.png\" alt=\"\" class=\"wp-image-134850\" srcset=\"https:\/\/corrientesdetarde.com\/wp-content\/uploads\/2024\/03\/image-582-1024x683.png 1024w, https:\/\/corrientesdetarde.com\/wp-content\/uploads\/2024\/03\/image-582-300x200.png 300w, https:\/\/corrientesdetarde.com\/wp-content\/uploads\/2024\/03\/image-582-768x512.png 768w, https:\/\/corrientesdetarde.com\/wp-content\/uploads\/2024\/03\/image-582-1536x1024.png 1536w, https:\/\/corrientesdetarde.com\/wp-content\/uploads\/2024\/03\/image-582.png 1599w\" sizes=\"auto, (max-width: 1024px) 100vw, 1024px\" \/><\/figure>\n","protected":false},"excerpt":{"rendered":"<p>El gobernador Gustavo Vald\u00e9s recorri\u00f3 este viernes las obras del Instituto de Oncolog\u00eda de Corrientes, afirmando que tendr\u00e1 &#8220;la aparatolog\u00eda m\u00e1s moderna de Sudam\u00e9rica&#8221;. En la esquina de Chacabuco y&hellip; <\/p>\n","protected":false},"author":8,"featured_media":134851,"comment_status":"closed","ping_status":"open","sticky":false,"template":"","format":"standard","meta":{"footnotes":""},"categories":[8],"tags":[],"class_list":["post-134843","post","type-post","status-publish","format-standard","has-post-thumbnail","hentry","category-locales"],"_links":{"self":[{"href":"https:\/\/corrientesdetarde.com\/index.php\/wp-json\/wp\/v2\/posts\/134843","targetHints":{"allow":["GET"]}}],"collection":[{"href":"https:\/\/corrientesdetarde.com\/index.php\/wp-json\/wp\/v2\/posts"}],"about":[{"href":"https:\/\/corrientesdetarde.com\/index.php\/wp-json\/wp\/v2\/types\/post"}],"author":[{"embeddable":true,"href":"https:\/\/corrientesdetarde.com\/index.php\/wp-json\/wp\/v2\/users\/8"}],"replies":[{"embeddable":true,"href":"https:\/\/corrientesdetarde.com\/index.php\/wp-json\/wp\/v2\/comments?post=134843"}],"version-history":[{"count":1,"href":"https:\/\/corrientesdetarde.com\/index.php\/wp-json\/wp\/v2\/posts\/134843\/revisions"}],"predecessor-version":[{"id":134852,"href":"https:\/\/corrientesdetarde.com\/index.php\/wp-json\/wp\/v2\/posts\/134843\/revisions\/134852"}],"wp:featuredmedia":[{"embeddable":true,"href":"https:\/\/corrientesdetarde.com\/index.php\/wp-json\/wp\/v2\/media\/134851"}],"wp:attachment":[{"href":"https:\/\/corrientesdetarde.com\/index.php\/wp-json\/wp\/v2\/media?parent=134843"}],"wp:term":[{"taxonomy":"category","embeddable":true,"href":"https:\/\/corrientesdetarde.com\/index.php\/wp-json\/wp\/v2\/categories?post=134843"},{"taxonomy":"post_tag","embeddable":true,"href":"https:\/\/corrientesdetarde.com\/index.php\/wp-json\/wp\/v2\/tags?post=134843"}],"curies":[{"name":"wp","href":"https:\/\/api.w.org\/{rel}","templated":true}]}}