{"id":134864,"date":"2024-03-22T15:46:33","date_gmt":"2024-03-22T18:46:33","guid":{"rendered":"https:\/\/corrientesdetarde.com\/?p=134864"},"modified":"2024-03-22T15:46:37","modified_gmt":"2024-03-22T18:46:37","slug":"monsenor-canecin-celebro-a-san-jose-en-el-hogar-de-ancianos","status":"publish","type":"post","link":"https:\/\/corrientesdetarde.com\/index.php\/sociales\/monsenor-canecin-celebro-a-san-jose-en-el-hogar-de-ancianos\/","title":{"rendered":"Monse\u00f1or Canec\u00edn celebr\u00f3 a San Jos\u00e9 en el hogar de ancianos"},"content":{"rendered":"\n<p>El obispo pidi\u00f3 la intercesi\u00f3n de San Jos\u00e9 para que &#8220;Dios nos regale la gracia de crecer en la fe, ser obedientes a lo que el Se\u00f1or quiso y quiere para cada uno de nosotros&#8221; y anim\u00f3 a que &#8220;cada uno pueda aplicar en sus propias vidas esta reflexi\u00f3n, contemplando a San Jos\u00e9: ser testigos de un Dios maravilloso&#8221;.<\/p>\n\n\n\n<p>Animo a en este dia a &#8220;dirigir la mirada de Dios, que es el art\u00edfice de todo esto, porque Dios quiso y quiere desde siempre se vale de mediaciones humanas&#8221; y animo a &#8220;contemplar&#8221; a la Virgen Mar\u00eda, que es &#8220;la mediaci\u00f3n m\u00e1s plena y perfecta, sin pecado concebida, que no puso ning\u00fan tipo de resistencias a la obra y proyecto de Dios&#8221; y, destaco a &#8220;San Jos\u00e9 bendito, que tuvo esa actitud de fe absoluta e incondicional en Dios e hizo lo que Dios le pidi\u00f3 y le mando hacer&#8221;.<\/p>\n\n\n\n<p>&#8220;Dios act\u00faa desde lo sencillo; desde una mujer del pueblo, desconocida; desde el hijo del carpintero y actu\u00f3 hoy tambi\u00e9n desde los abuelos de este hogar de ancianos&#8221; y, planteo &#8220;los abuelos nos evangelizan&#8221; expreso monse\u00f1or Canecin..<\/p>\n\n\n\n<p>M\u00e1s adelante record\u00f3 a San Bernardino de Siena, que en uno de sus sermones destaca &#8220;cuando la gracia divina elige a alguien para otorgarle una gracia singular o para ponerle en un estado preferente, le concede todos aquellos carismas, que son necesarios, para el ministerio que dicha persona ha de desempe\u00f1ar&#8221;.<\/p>\n\n\n\n<p>Destaco la escena que relata la Palabra de Dios que &#8220;nos puede llamar la atenci\u00f3n, en el mismo pueblo de Nazareth Jes\u00fas se encuentra con sus amigos -los amigos de siempre, los amigos de la infancia- que quedan asombrados por las obras que \u00e9l hac\u00eda y por lo que escuchaban de los otros lugares donde Jes\u00fas hab\u00edas estado y se hacen la pregunta \u00bfNo es \u00e9ste el hijo del carpintero?&#8221;.<\/p>\n\n\n\n<p>El obispo Adolfo Canecin, hizo una memoria agradecida del Hogar San Jos\u00e9 que fue una obra fundada por monse\u00f1or Luis Teodorico Stockler, cuando era obispo de esta Di\u00f3cesis de Goya, el 16 de Julio de 1990, en el D\u00eda del aniversario de la coronaci\u00f3n pontificia de la Virgen de Itati.<\/p>\n\n\n\n<p>Destaco la iniciativa y la creatividad del obispo Stockler y, fundamentalmente la &#8220;sensibilidad por haber aportado a la realidad y poder salir al encuentro de esa realidad, con un hogar de estas caracter\u00edsticas&#8221; e invito a los &#8220;abuelos&#8221; y al personal a sacarse una foto donde est\u00e1 el cuadro de Monse\u00f1or Luis Stockler en &#8220;se\u00f1al de gratitud&#8221;.-<\/p>\n","protected":false},"excerpt":{"rendered":"<p>El obispo pidi\u00f3 la intercesi\u00f3n de San Jos\u00e9 para que &#8220;Dios nos regale la gracia de crecer en la fe, ser obedientes a lo que el Se\u00f1or quiso y quiere&hellip; <\/p>\n","protected":false},"author":1,"featured_media":134865,"comment_status":"closed","ping_status":"open","sticky":false,"template":"","format":"standard","meta":{"footnotes":""},"categories":[17],"tags":[],"class_list":["post-134864","post","type-post","status-publish","format-standard","has-post-thumbnail","hentry","category-sociales"],"_links":{"self":[{"href":"https:\/\/corrientesdetarde.com\/index.php\/wp-json\/wp\/v2\/posts\/134864","targetHints":{"allow":["GET"]}}],"collection":[{"href":"https:\/\/corrientesdetarde.com\/index.php\/wp-json\/wp\/v2\/posts"}],"about":[{"href":"https:\/\/corrientesdetarde.com\/index.php\/wp-json\/wp\/v2\/types\/post"}],"author":[{"embeddable":true,"href":"https:\/\/corrientesdetarde.com\/index.php\/wp-json\/wp\/v2\/users\/1"}],"replies":[{"embeddable":true,"href":"https:\/\/corrientesdetarde.com\/index.php\/wp-json\/wp\/v2\/comments?post=134864"}],"version-history":[{"count":1,"href":"https:\/\/corrientesdetarde.com\/index.php\/wp-json\/wp\/v2\/posts\/134864\/revisions"}],"predecessor-version":[{"id":134866,"href":"https:\/\/corrientesdetarde.com\/index.php\/wp-json\/wp\/v2\/posts\/134864\/revisions\/134866"}],"wp:featuredmedia":[{"embeddable":true,"href":"https:\/\/corrientesdetarde.com\/index.php\/wp-json\/wp\/v2\/media\/134865"}],"wp:attachment":[{"href":"https:\/\/corrientesdetarde.com\/index.php\/wp-json\/wp\/v2\/media?parent=134864"}],"wp:term":[{"taxonomy":"category","embeddable":true,"href":"https:\/\/corrientesdetarde.com\/index.php\/wp-json\/wp\/v2\/categories?post=134864"},{"taxonomy":"post_tag","embeddable":true,"href":"https:\/\/corrientesdetarde.com\/index.php\/wp-json\/wp\/v2\/tags?post=134864"}],"curies":[{"name":"wp","href":"https:\/\/api.w.org\/{rel}","templated":true}]}}