{"id":134881,"date":"2024-03-22T16:12:49","date_gmt":"2024-03-22T19:12:49","guid":{"rendered":"https:\/\/corrientesdetarde.com\/?p=134881"},"modified":"2024-03-22T16:13:01","modified_gmt":"2024-03-22T19:13:01","slug":"los-numeros-de-la-delantera-de-la-seleccion-argentina-que-preocupan-a-lionel-scaloni","status":"publish","type":"post","link":"https:\/\/corrientesdetarde.com\/index.php\/deportes\/los-numeros-de-la-delantera-de-la-seleccion-argentina-que-preocupan-a-lionel-scaloni\/","title":{"rendered":"Los n\u00fameros de la delantera de la Selecci\u00f3n argentina que preocupan a Lionel Scaloni"},"content":{"rendered":"\n<p>El entrenador del combinado nacional espera que en esta nueva fecha FIFA se termine una racha adversa que atraviesan dos jugadores de la Albiceleste.<\/p>\n\n\n\n<p>La\u00a0Selecci\u00f3n argentina enfrentar\u00e1 a El Salvador\u00a0este viernes, lo que ser\u00e1 el primer encuentro del a\u00f1o para los dirigidos por Lionel Scaloni. Sin embargo, para este amistoso correspondiente a la fecha FIFA, el entrenador no contar\u00e1 con\u00a0Lionel Messi. Por lo tanto, es posible que\u00a0Lautaro Mart\u00ednez\u00a0y\u00a0Juli\u00e1n \u00c1lvarez\u00a0sean titulares y puedan romper su mala racha con la Albiceleste.<\/p>\n\n\n\n<p>El Toro es el goleador del Inter, acumula 23 tantos en el torneo italiano. Sin embargo, sus n\u00fameros en el seleccionado son todo lo contrario: la \u00faltima vez que convirti\u00f3 fue\u00a0<strong>el 24 de septiembre de 2023 contra Honduras<\/strong>. Desde entonces<strong>\u00a0disput\u00f3 15 encuentros, casi un total de 679 minutos, sin poder anotar.<\/strong><\/p>\n\n\n\n<figure class=\"wp-block-image\"><img decoding=\"async\" src=\"https:\/\/tn.com.ar\/resizer\/KMyVYOi2W_uE-UnFg-T1fQvO788=\/767x0\/smart\/filters:format(webp)\/thumbs.vodgc.net\/1-419-01DP7h1663979179312_1080P.jpg\" alt=\"Video Placeholder\"\/><\/figure>\n\n\n\n<p>Por su lado, la Ara\u00f1a es una pieza importante para el Manchester City y fue fundamental durante el Mundial de Qatar. Sin embargo, desde esa competencia el cordob\u00e9s mantiene una sequ\u00eda importante con la celeste y blanca.<strong>&nbsp;El exjugador de River anot\u00f3 su \u00faltimo gol ante Croacia en la semifinal de la Copa del Mundo<\/strong>&nbsp;y desde ese partido,<strong>&nbsp;jug\u00f3 10 encuentros (655 minutos) y no volvi\u00f3 a convertir<\/strong>.<\/p>\n\n\n\n<figure class=\"wp-block-image\"><img decoding=\"async\" src=\"https:\/\/tn.com.ar\/resizer\/Sddph2ZrFMHQgSfyVVK0rAhx4x0=\/767x0\/smart\/filters:format(webp)\/thumbs.vodgc.net\/8A59337BCB23F496A238FFA1C06D243D805-1670962370.jpg\" alt=\"Video Placeholder\"\/><\/figure>\n\n\n\n<p>Segundo gol de la Selecci\u00f3n argentina<\/p>\n\n\n\n<h2 class=\"wp-block-heading\">Posible formaci\u00f3n de la Selecci\u00f3n argentina vs. El Salvador, por un amistoso internacional<\/h2>\n\n\n\n<p>Emiliano Mart\u00ednez; Nehu\u00e9n P\u00e9rez, Cristian Romero, Nicol\u00e1s Otamendi, Nicol\u00e1s Tagliafico; Rodrigo De Paul, Enzo Fern\u00e1ndez, Leandro Paredes, Giovanni Lo Celso o Nicol\u00e1s Gonz\u00e1lez; \u00c1ngel Di Mar\u00eda y Lautaro Mart\u00ednez.<strong>&nbsp;DT:<\/strong>&nbsp;Lionel Scaloni.<\/p>\n\n\n\n<h2 class=\"wp-block-heading\">Posible formaci\u00f3n de El Salvador vs. Argentina, por un amistoso internacional<\/h2>\n\n\n\n<p>Mario Gonz\u00e1lez; Tereso Ben\u00edtez, Melvin Cruz, Erick Cabalceta, Jorge Cruz; Diego Flores, \u00d3scar Rodr\u00edguez, Eric Calvillo, Melvin Cartagena; Nelson Bonilla y Brayan Gil.&nbsp;<strong>DT:<\/strong>&nbsp;David D\u00f3niga Lara.<\/p>\n\n\n\n<h2 class=\"wp-block-heading\">C\u00f3mo ver Argentina vs. El Salvador, por un amistoso internacional<\/h2>\n\n\n\n<p>El encuentro que se disputar\u00e1 desde las 21 (hora de la Argentina) podr\u00e1 verse por la&nbsp;<em>TV P\u00fablica<\/em>&nbsp;y por&nbsp;<em>TyC Sports<\/em>.<\/p>\n","protected":false},"excerpt":{"rendered":"<p>El entrenador del combinado nacional espera que en esta nueva fecha FIFA se termine una racha adversa que atraviesan dos jugadores de la Albiceleste. La\u00a0Selecci\u00f3n argentina enfrentar\u00e1 a El Salvador\u00a0este&hellip; <\/p>\n","protected":false},"author":8,"featured_media":134882,"comment_status":"closed","ping_status":"open","sticky":false,"template":"","format":"standard","meta":{"footnotes":""},"categories":[4],"tags":[],"class_list":["post-134881","post","type-post","status-publish","format-standard","has-post-thumbnail","hentry","category-deportes"],"_links":{"self":[{"href":"https:\/\/corrientesdetarde.com\/index.php\/wp-json\/wp\/v2\/posts\/134881","targetHints":{"allow":["GET"]}}],"collection":[{"href":"https:\/\/corrientesdetarde.com\/index.php\/wp-json\/wp\/v2\/posts"}],"about":[{"href":"https:\/\/corrientesdetarde.com\/index.php\/wp-json\/wp\/v2\/types\/post"}],"author":[{"embeddable":true,"href":"https:\/\/corrientesdetarde.com\/index.php\/wp-json\/wp\/v2\/users\/8"}],"replies":[{"embeddable":true,"href":"https:\/\/corrientesdetarde.com\/index.php\/wp-json\/wp\/v2\/comments?post=134881"}],"version-history":[{"count":1,"href":"https:\/\/corrientesdetarde.com\/index.php\/wp-json\/wp\/v2\/posts\/134881\/revisions"}],"predecessor-version":[{"id":134883,"href":"https:\/\/corrientesdetarde.com\/index.php\/wp-json\/wp\/v2\/posts\/134881\/revisions\/134883"}],"wp:featuredmedia":[{"embeddable":true,"href":"https:\/\/corrientesdetarde.com\/index.php\/wp-json\/wp\/v2\/media\/134882"}],"wp:attachment":[{"href":"https:\/\/corrientesdetarde.com\/index.php\/wp-json\/wp\/v2\/media?parent=134881"}],"wp:term":[{"taxonomy":"category","embeddable":true,"href":"https:\/\/corrientesdetarde.com\/index.php\/wp-json\/wp\/v2\/categories?post=134881"},{"taxonomy":"post_tag","embeddable":true,"href":"https:\/\/corrientesdetarde.com\/index.php\/wp-json\/wp\/v2\/tags?post=134881"}],"curies":[{"name":"wp","href":"https:\/\/api.w.org\/{rel}","templated":true}]}}