{"id":134888,"date":"2024-03-22T16:24:06","date_gmt":"2024-03-22T19:24:06","guid":{"rendered":"https:\/\/corrientesdetarde.com\/?p=134888"},"modified":"2024-03-22T16:24:10","modified_gmt":"2024-03-22T19:24:10","slug":"relacion-bilateral-en-alerta-chile-manifesto-su-preocupacion-por-los-cruces-con-el-embajador-argentino","status":"publish","type":"post","link":"https:\/\/corrientesdetarde.com\/index.php\/internacionales\/relacion-bilateral-en-alerta-chile-manifesto-su-preocupacion-por-los-cruces-con-el-embajador-argentino\/","title":{"rendered":"Relaci\u00f3n bilateral en alerta: Chile manifest\u00f3 su preocupaci\u00f3n por los cruces con el embajador argentino"},"content":{"rendered":"\n<p>El viernes pasado hubo un encuentro entre Jorge Faurie y delegaciones trasandinas que termin\u00f3 con acusaciones contra el excanciller. Desde la embajada en Santiago de Chile buscaron bajarle el tono.<\/p>\n\n\n\n<p><a href=\"https:\/\/tn.com.ar\/autor\/gbanez\/\"><\/a>La canciller\u00eda de Chile\u00a0<strong>manifest\u00f3 abiertamente su \u201cpreocupaci\u00f3n\u201d\u00a0<\/strong>por lo ocurrido durante una reuni\u00f3n entre Jorge Faurie,\u00a0excanciller y actual embajador argentino en Santiago, y  una delegaci\u00f3n del pa\u00eds trasandino el viernes de la semana pasada en el Complejo Internacional Cristo Redentor, el paso que une Mendoza con la regi\u00f3n de Valpara\u00edso.<\/p>\n\n\n\n<p><strong>\u201cLe hicimos notar al embajador Faurie nuestra preocupaci\u00f3n por la situaci\u00f3n\u00a0<\/strong>a trav\u00e9s del Secretario General de la Canciller\u00eda\u201d, respondieron de forma concisa desde el Ministerio de Exteriores trasandino que encabeza Alberto van Klaveren Stork ante la consulta . El uso de la palabra \u201cpreocupaci\u00f3n\u201d son\u00f3 fuerte en el Palacio San Mart\u00edn.<\/p>\n\n\n\n<p>Durante el encuentro de la semana pasada en la frontera se vivi\u00f3 un episodio que no cay\u00f3 para nada bien entre los representantes chilenos que participaron de la reuni\u00f3n. Seg\u00fan pudo reconstruir este medio, Faurie habr\u00eda tenido expresiones que&nbsp;<strong>fueron consideradas \u201cirrespetuosas\u201d y hasta \u201cagresivas\u201d.<\/strong><\/p>\n\n\n\n<figure class=\"wp-block-image\"><img decoding=\"async\" src=\"https:\/\/tn.com.ar\/resizer\/RNRvs3N-huJ7Ju2ZNecmHmPXEBY=\/767x0\/smart\/filters:format(webp)\/thumbs.vodgc.net\/1-14-3h9JtP1711128353468-1711128435.jpg\" alt=\"Video Placeholder\"\/><\/figure>\n\n\n\n<p>Adem\u00e1s del embajador argentino, de la reuni\u00f3n participaron diplom\u00e1ticos chilenos de la embajada en Buenos Aires, miembros del consulado trasandino en Mendoza y un delegado presidencial de Chile, Cristian Aravena Reyes. El encuentro ten\u00eda como finalidad profundizar las conversaciones\u00a0<strong>para agilizar lo que es el cruce fronterizo entre ambos pa\u00edses.<\/strong><\/p>\n\n\n\n<p>Frente a la consulta  desde la embajada argentina en Chile\u00a0<strong>buscaron bajarle el tono a la escalada\u00a0<\/strong>y aseguraron que est\u00e1n trabajando para aumentar la integraci\u00f3n fronteriza y lograr as\u00ed que la Argentina tenga una salida m\u00e1s directa al Oc\u00e9ano Pac\u00edfico. Es el principal objetivo que se paut\u00f3 Faurie al llegar a Santiago hace poco m\u00e1s de un mes, y en l\u00ednea con la idea de la Canciller\u00eda de ampliar los mercados.<\/p>\n\n\n\n<p>Pese a la breve aclaraci\u00f3n p\u00fablica que facilitaron desde el Ministerio de Relaciones Exteriores chileno, desde esa cartera tambi\u00e9n se plegaron a Faurie y pusieron pa\u00f1os fr\u00edos.&nbsp;<strong>\u201cFue un malentendido circunstancial que son vistos como hechos aislados\u201d<\/strong>, reconocieron por lo bajo distintos funcionarios. Aseguran, adem\u00e1s, que esta situaci\u00f3n no complicar\u00e1 las relaciones bilaterales.<\/p>\n\n\n\n<p>De todos modos, este nuevo encontronazo despierta la alarma a ambos lados de la frontera. Un grupo de diputados chilenos ya se empez\u00f3 a mover&nbsp;<strong>para pedir una intervenci\u00f3n m\u00e1s firme del gobierno de Gabriel Boric.<\/strong><\/p>\n\n\n\n<p>\u201cEs una falta de respeto del representante argentino en Chile y para mantener buenas relaciones, no podemos tener representantes de esta naturaleza. Es necesario&nbsp;<strong>que se le llame a consulta al embajador<\/strong>\u201d, expres\u00f3 en un video difundido hace minutos el diputado nacional Nelson Venegas, quien representa a la provincia chilena de Los Andes. Desde la Canciller\u00eda argentina descartan esta posibilidad.<\/p>\n\n\n\n<figure class=\"wp-block-image\"><img decoding=\"async\" src=\"https:\/\/tn.com.ar\/resizer\/WxooFKN2uFj5aMnj-NkWC0iZuKw=\/767x0\/smart\/filters:format(webp)\/cloudfront-us-east-1.images.arcpublishing.com\/artear\/YP4DVFOG5FBGLKHKKIDRYPW5AE.jpg\" alt=\"La Argentina busca agilizar el cruce fronterizo en el paso internacional Cristo Redentor (Foto de archivo: Reuters)\"\/><figcaption class=\"wp-element-caption\"><br><\/figcaption><\/figure>\n\n\n\n<p>Desde Chile confirmaron que por el episodio el palacio de La Moneda \u2013sede presidencial- y el Ministerio de Exteriores<strong>&nbsp;recibieron cuatro oficios sobre el tema y se respondieron los requerimientos al respecto.<\/strong><\/p>\n\n\n\n<p>No es la primera vez que se produce un cortocircuito entre el gobierno chileno y el embajador argentino. A comienzos de a\u00f1o hubo otro encuentro en Mendoza para dialogar, tambi\u00e9n, sobre el paso fronterizo en el Cristo Redentor y Faurie qued\u00f3 en el centro de atenci\u00f3n cuando la radio chilena Bio Bio&nbsp;<strong>lo acus\u00f3 de decir que la relaci\u00f3n bilateral \u201cera un desastre\u201d.<\/strong><\/p>\n\n\n\n<p>Estos cruces se dan en un contexto de distanciamiento a nivel presidencial. Aunque Gabriel Boric fue el \u00fanico mandatario latinoamericano vinculado a la izquierda que viaj\u00f3 a la asunci\u00f3n presidencial de Javier Milei, entre&nbsp;<strong>ellos nunca hablaron<\/strong>&nbsp;y mantienen relaciones meramente diplom\u00e1ticas.<\/p>\n","protected":false},"excerpt":{"rendered":"<p>El viernes pasado hubo un encuentro entre Jorge Faurie y delegaciones trasandinas que termin\u00f3 con acusaciones contra el excanciller. Desde la embajada en Santiago de Chile buscaron bajarle el tono.&hellip; <\/p>\n","protected":false},"author":8,"featured_media":134889,"comment_status":"closed","ping_status":"open","sticky":false,"template":"","format":"standard","meta":{"footnotes":""},"categories":[11],"tags":[],"class_list":["post-134888","post","type-post","status-publish","format-standard","has-post-thumbnail","hentry","category-internacionales"],"_links":{"self":[{"href":"https:\/\/corrientesdetarde.com\/index.php\/wp-json\/wp\/v2\/posts\/134888","targetHints":{"allow":["GET"]}}],"collection":[{"href":"https:\/\/corrientesdetarde.com\/index.php\/wp-json\/wp\/v2\/posts"}],"about":[{"href":"https:\/\/corrientesdetarde.com\/index.php\/wp-json\/wp\/v2\/types\/post"}],"author":[{"embeddable":true,"href":"https:\/\/corrientesdetarde.com\/index.php\/wp-json\/wp\/v2\/users\/8"}],"replies":[{"embeddable":true,"href":"https:\/\/corrientesdetarde.com\/index.php\/wp-json\/wp\/v2\/comments?post=134888"}],"version-history":[{"count":1,"href":"https:\/\/corrientesdetarde.com\/index.php\/wp-json\/wp\/v2\/posts\/134888\/revisions"}],"predecessor-version":[{"id":134890,"href":"https:\/\/corrientesdetarde.com\/index.php\/wp-json\/wp\/v2\/posts\/134888\/revisions\/134890"}],"wp:featuredmedia":[{"embeddable":true,"href":"https:\/\/corrientesdetarde.com\/index.php\/wp-json\/wp\/v2\/media\/134889"}],"wp:attachment":[{"href":"https:\/\/corrientesdetarde.com\/index.php\/wp-json\/wp\/v2\/media?parent=134888"}],"wp:term":[{"taxonomy":"category","embeddable":true,"href":"https:\/\/corrientesdetarde.com\/index.php\/wp-json\/wp\/v2\/categories?post=134888"},{"taxonomy":"post_tag","embeddable":true,"href":"https:\/\/corrientesdetarde.com\/index.php\/wp-json\/wp\/v2\/tags?post=134888"}],"curies":[{"name":"wp","href":"https:\/\/api.w.org\/{rel}","templated":true}]}}