{"id":13490,"date":"2022-10-22T11:06:50","date_gmt":"2022-10-22T14:06:50","guid":{"rendered":"https:\/\/corrientesdetarde.com\/?p=13490"},"modified":"2022-10-22T12:09:57","modified_gmt":"2022-10-22T15:09:57","slug":"el-pueblo-sancosmeno-rendira-homenaje-a-los-hermanos-barrios","status":"publish","type":"post","link":"https:\/\/corrientesdetarde.com\/index.php\/cultura\/el-pueblo-sancosmeno-rendira-homenaje-a-los-hermanos-barrios\/","title":{"rendered":"El pueblo sancosme\u00f1o rendir\u00e1 homenaje a Los Hermanos Barrios"},"content":{"rendered":"\n<p>Se realizar\u00e1 hoy un gran festival para recordar a estos legendarios del chamam\u00e9. Desfilar\u00e1n una veintena de artistas por el escenario. El evento ser\u00e1 con entrada libre y gratuita. &#8220;Est\u00e1n m\u00e1s vigentes que nunca&#8221;, dijeron sus hijos.<\/p>\n\n\n\n<p>Su m\u00fasica es eterna, son los m\u00e1ximos referentes del estilo rom\u00e1ntico del chamam\u00e9 y a 63 a\u00f1os de la fundaci\u00f3n del conjunto de Los Hermanos Barrios, sus hijos y San Cosme lo recuerdan hoy con un gran festival a orillas de la laguna Totora. A las 19 se oficiar\u00e1 una misa religiosa y a las 20 iniciar\u00e1 el gran festival con una veintena de conjuntos con entrada libre y gratuita.<\/p>\n\n\n\n<p>&#8220;Cuanto m\u00e1s pasa el tiempo, m\u00e1s vigentes est\u00e1n Los Barrios&#8221;, explic\u00f3 a \u00e9poca N\u00e9stor &#8220;Tito&#8221; Barrios, hijo de Tom\u00e1s que junto a sus hermanos sancosme\u00f1os, Ireneo, Martiniano y Modesto representaron a su provincia por casi 60 a\u00f1os con una carrera ininterrumpida. &#8220;Su m\u00fasica est\u00e1 inmortalizada en el coraz\u00f3n del pueblo chamamecero y perdurar\u00e1 en las nuevas generaciones&#8221;, refiri\u00f3.<\/p>\n\n\n\n<p>Por ello, se realizar\u00e1 esta segunda edici\u00f3n del Gran Festival en honor a Los Hermanos Barrios, en uno de los prestigiosos lugares que tiene San Cosme, como es el complejo Laguna Totora. &#8220;Estamos muy contentos por la repercusi\u00f3n, hay muchos amigos que se suman a este reconocimiento musical y eso para nosotros es un gesto de profunda amistad&#8221;, comentaron.<\/p>\n\n\n\n<figure class=\"wp-block-image\"><img decoding=\"async\" src=\"https:\/\/www.diarioepoca.com\/content\/bucket\/3\/1257733w762h381c.jpg.webp\" alt=\"\"\/><\/figure>\n\n\n\n<p>A la par, N\u00e9stor coment\u00f3 que &#8220;la gente tiene muchas historias y varias generaciones se enamoraron bailando sus canciones en alguna pista bailable del litoral. Es por eso que se los sigue recordando y emociona el escucharlos a trav\u00e9s de sus tantas grabaciones&#8221;, record\u00f3 el referente de Los Hijos de los Barrios.<\/p>\n\n\n\n<p>Su padre y sus t\u00edos fueron creadores de un estilo \u00fanico e inconfundible, llevaron por seis d\u00e9cadas su m\u00fasica a los escenarios m\u00e1s importantes del pa\u00eds. Los creadores del Chamam\u00e9 Rom\u00e1ntico han realizado m\u00e1s de 50 discos a lo largo de su historia, obteniendo galardones como Discos de Oro y de Platino. Destacados compositores, crearon verdaderas obras chamameceras, como &#8220;Viejo Naranjal&#8221;, &#8220;Mi estrella perdida&#8221;, &#8220;Grito y vuelo del chaj\u00e1&#8221;, &#8220;Colonia El Curund\u00fa&#8221;, &#8220;Yano, te amo&#8221;, &#8220;Por tus besos&#8221;, &#8220;S\u00e9 que te arrepentir\u00e1s&#8221;, &#8220;\u00bfD\u00f3nde estar\u00e1 mi estrella?&#8221;, &#8220;Volv\u00e9, amor m\u00edo&#8221;, entre tantos otros.<\/p>\n\n\n\n<p>En 1974 participaron de la pel\u00edcula &#8220;Los Gauchos Jud\u00edos&#8221;, que fue exhibida en varios pa\u00edses del mundo. En 1981 volvieron a la pantalla grande participando en &#8220;Mire qu\u00e9 lindo es mi pa\u00eds&#8221;, junto a la cantante misionera Mar\u00eda Ofelia.<\/p>\n\n\n\n<p>Hoy, la gran Naci\u00f3n chamamecera los recuerda con mucho cari\u00f1o y sus canciones se siguen escuchando, como si nunca se hubieran ido, integrando el lote de &#8220;los cl\u00e1sicos&#8221; de este Patrimonio de la Humanidad. Numerosos grupos grabaron sus temas y los j\u00f3venes son portadores de esta cultura chamamecera de destacada identidad.<\/p>\n\n\n\n<p>Su pueblo natal, una vez m\u00e1s, los reconocer\u00e1 con una multitudinaria fiesta de homenaje y recordaci\u00f3n en el d\u00eda en el que se cumple un aniversario m\u00e1s de su primera actuaci\u00f3n en la &#8220;Pista el Sancosme\u00f1o&#8221; en el a\u00f1o 1959. Desde entonces, s\u00f3lo se dedicaron a escribir parte de la enorme historia del chamam\u00e9, llegando a los escenarios m\u00e1s importantes del pa\u00eds, convirti\u00e9ndose as\u00ed en embajadores de la cultura chamamecera.<\/p>\n\n\n\n<p>Un gran desfile de artistas brindar\u00e1 su tributo, entre quienes se destacan: Javier Sol\u00eds, Hugo Leiva, Dami\u00e1n Ayala, Los \u00c1ngeles Rom\u00e1nticos, Espuelas de Plata, Vicente Franco y sus Criollos, &#8220;Emilianito&#8221; L\u00f3pez, &#8220;Vicky&#8221; S\u00e1nchez y Los Hijos de los Barrios.<\/p>\n","protected":false},"excerpt":{"rendered":"<p>Se realizar\u00e1 hoy un gran festival para recordar a estos legendarios del chamam\u00e9. Desfilar\u00e1n una veintena de artistas por el escenario. El evento ser\u00e1 con entrada libre y gratuita. &#8220;Est\u00e1n&hellip; <\/p>\n","protected":false},"author":3,"featured_media":13491,"comment_status":"closed","ping_status":"open","sticky":false,"template":"","format":"standard","meta":{"footnotes":""},"categories":[15],"tags":[],"class_list":["post-13490","post","type-post","status-publish","format-standard","has-post-thumbnail","hentry","category-cultura"],"_links":{"self":[{"href":"https:\/\/corrientesdetarde.com\/index.php\/wp-json\/wp\/v2\/posts\/13490","targetHints":{"allow":["GET"]}}],"collection":[{"href":"https:\/\/corrientesdetarde.com\/index.php\/wp-json\/wp\/v2\/posts"}],"about":[{"href":"https:\/\/corrientesdetarde.com\/index.php\/wp-json\/wp\/v2\/types\/post"}],"author":[{"embeddable":true,"href":"https:\/\/corrientesdetarde.com\/index.php\/wp-json\/wp\/v2\/users\/3"}],"replies":[{"embeddable":true,"href":"https:\/\/corrientesdetarde.com\/index.php\/wp-json\/wp\/v2\/comments?post=13490"}],"version-history":[{"count":1,"href":"https:\/\/corrientesdetarde.com\/index.php\/wp-json\/wp\/v2\/posts\/13490\/revisions"}],"predecessor-version":[{"id":13492,"href":"https:\/\/corrientesdetarde.com\/index.php\/wp-json\/wp\/v2\/posts\/13490\/revisions\/13492"}],"wp:featuredmedia":[{"embeddable":true,"href":"https:\/\/corrientesdetarde.com\/index.php\/wp-json\/wp\/v2\/media\/13491"}],"wp:attachment":[{"href":"https:\/\/corrientesdetarde.com\/index.php\/wp-json\/wp\/v2\/media?parent=13490"}],"wp:term":[{"taxonomy":"category","embeddable":true,"href":"https:\/\/corrientesdetarde.com\/index.php\/wp-json\/wp\/v2\/categories?post=13490"},{"taxonomy":"post_tag","embeddable":true,"href":"https:\/\/corrientesdetarde.com\/index.php\/wp-json\/wp\/v2\/tags?post=13490"}],"curies":[{"name":"wp","href":"https:\/\/api.w.org\/{rel}","templated":true}]}}