{"id":134955,"date":"2024-03-23T02:52:50","date_gmt":"2024-03-23T05:52:50","guid":{"rendered":"https:\/\/corrientesdetarde.com\/?p=134955"},"modified":"2024-03-23T03:16:56","modified_gmt":"2024-03-23T06:16:56","slug":"directivos-docentes-y-auxiliares-de-los-cdise-forman-en-nuevas-herramientas-digitales","status":"publish","type":"post","link":"https:\/\/corrientesdetarde.com\/index.php\/actualidad\/directivos-docentes-y-auxiliares-de-los-cdise-forman-en-nuevas-herramientas-digitales\/","title":{"rendered":"Directivos, docentes y auxiliares de los CDIse forman en nuevas herramientas digitales"},"content":{"rendered":"\n<p><em>Los Centros de Desarrollo Infantil, a cargo de la Municipalidad, preparan a sus integrantes para desarrollarse en un \u00e1mbito educativo cada vez m\u00e1s complejo. Es por ello que iniciaron su actualizaci\u00f3n en competencias digitales. Las mismas ser\u00e1n compartidas tambi\u00e9n con padres y tutores de los 16 CDI de la ciudad.<\/em><\/p>\n\n\n\n<figure class=\"wp-block-embed is-type-video is-provider-youtube wp-block-embed-youtube wp-embed-aspect-16-9 wp-has-aspect-ratio\"><div class=\"wp-block-embed__wrapper\">\n<iframe loading=\"lazy\" title=\"Directivos, docentes y auxiliares de los CDI se forman en nuevas herramientas digitales\" width=\"1110\" height=\"624\" src=\"https:\/\/www.youtube.com\/embed\/z6UTx9iUhQo?feature=oembed\" frameborder=\"0\" allow=\"accelerometer; autoplay; clipboard-write; encrypted-media; gyroscope; picture-in-picture; web-share\" allowfullscreen><\/iframe>\n<\/div><\/figure>\n\n\n\n<p>En el CDI Mita\u00ed Roga I, m\u00e1s de una veintena de directivos, docentes y auxiliares recibieron formaci\u00f3n en nuevas herramientas digitales. Organizado por la Municipalidad, esta capacitaci\u00f3n incluy\u00f3 temas como: comunicaci\u00f3n y colaboraci\u00f3n, trabajo con otros, compromiso y responsabilidad, uso aut\u00f3nomo de las TIC, introducci\u00f3n a la programaci\u00f3n, aplicaciones (software y hardware), cuentas y c\u00f3digo de respuesta r\u00e1pida (QR &#8211; \u201cQuick Response\u201d).<br><br>Estas actividades forman parte del programa \u201cProyectar\u201d que hoy cont\u00f3 con la presencia del subsecretario de Pol\u00edticas Educativas del municipio, N\u00e9stor Frette y la directora general de los CDI, Vanessa Romaniv, para luego dar lugar a la capacitaci\u00f3n denominada \u201cCompetencias Digitales\u201d.<br><br>DESARROLLO DIGITAL<br><br>El subsecretario de Pol\u00edticas Educativas del municipio, N\u00e9stor Frette, explic\u00f3 que \u201cla capacitaci\u00f3n cumplir\u00e1 un cronograma con el que se recorrer\u00e1n los 16 CDI, interactuando con todo el personal, se les dar\u00e1 un poco de tarea para que pongan en pr\u00e1ctica todo lo aprehendido y que puedan luego, implementar estas nuevas tecnolog\u00edas que nos conducen a la nueva educaci\u00f3n para la que tenemos que estar preparados\u201d.<br><br>Por su parte, la directora del CDI del barrio Popular, Mercedes Sena, destac\u00f3 que este proyecto fue muy bien recibido. \u201cLas docentes est\u00e1n muy contentas porque era algo que solicit\u00e1bamos con ansias porque contamos con todos los materiales y los recursos did\u00e1cticos, algunas sabemos utilizarlos y lo que no, investig\u00e1bamos como pod\u00edamos hacerlo. Cuando les inform\u00e9 a las chicas de que esta jornada se desarrollar\u00eda, aqu\u00ed se pusieron muy felices\u201d.<br><br>Vale mencionar que el CDI Mitai Roga I, ubicado en el barrio Popular, cuenta con una planta personal de m\u00e1s de 22 integrantes entre docentes, auxiliares, cocineras que tiene a su cargo, entre ambos turnos, 105 chicos de entre de 45 d\u00edas a 4 a\u00f1os.<br><\/p>\n\n\n\n<figure class=\"wp-block-image size-large\"><img loading=\"lazy\" decoding=\"async\" width=\"1024\" height=\"681\" src=\"https:\/\/corrientesdetarde.com\/wp-content\/uploads\/2024\/03\/image-600-1024x681.png\" alt=\"\" class=\"wp-image-135014\" srcset=\"https:\/\/corrientesdetarde.com\/wp-content\/uploads\/2024\/03\/image-600-1024x681.png 1024w, https:\/\/corrientesdetarde.com\/wp-content\/uploads\/2024\/03\/image-600-300x200.png 300w, https:\/\/corrientesdetarde.com\/wp-content\/uploads\/2024\/03\/image-600-768x511.png 768w, https:\/\/corrientesdetarde.com\/wp-content\/uploads\/2024\/03\/image-600.png 1270w\" sizes=\"auto, (max-width: 1024px) 100vw, 1024px\" \/><\/figure>\n\n\n\n<p><br>Es por ello que, para trabajar en la educaci\u00f3n, recreaci\u00f3n, expresi\u00f3n, alimentaci\u00f3n y salud, se fomenta el desarrollo de actividades tendientes al desarrollo integral de ni\u00f1os y ni\u00f1as, pero tambi\u00e9n se trabaja por la integraci\u00f3n e inclusi\u00f3n de las familias y la comunidad, favoreciendo el trabajo en red con la participaci\u00f3n comprometida y responsable de todos los actores sociales.<br><br>De all\u00ed, lo aportado por la capacitadora, \u00c1ngela Leticia Felipetti, profesora de Inform\u00e1tica, quien destac\u00f3 que el objetivo es capacitar en el uso de herramientas de gesti\u00f3n, programaci\u00f3n y rob\u00f3tica a miembros de CDI, aprovechando recursos como tablets y materiales rob\u00f3ticos ya disponibles en estos Centros de Desarrollo Infantil.<\/p>\n\n\n\n<figure class=\"wp-block-image size-large\"><img loading=\"lazy\" decoding=\"async\" width=\"1024\" height=\"682\" src=\"https:\/\/corrientesdetarde.com\/wp-content\/uploads\/2024\/03\/image-599-1024x682.png\" alt=\"\" class=\"wp-image-135013\" srcset=\"https:\/\/corrientesdetarde.com\/wp-content\/uploads\/2024\/03\/image-599-1024x682.png 1024w, https:\/\/corrientesdetarde.com\/wp-content\/uploads\/2024\/03\/image-599-300x200.png 300w, https:\/\/corrientesdetarde.com\/wp-content\/uploads\/2024\/03\/image-599-768x511.png 768w, https:\/\/corrientesdetarde.com\/wp-content\/uploads\/2024\/03\/image-599.png 1269w\" sizes=\"auto, (max-width: 1024px) 100vw, 1024px\" \/><\/figure>\n\n\n\n<p><br><br>El programa, que inici\u00f3 como una prueba piloto en varios CDI el a\u00f1o pasado, abarca tanto a directivos como docentes y, debido a la demanda y necesidad, se continuar\u00e1 a lo largo de todo este a\u00f1o.<br><br>Adem\u00e1s, la profesora adelant\u00f3: \u201cSe planea concluir el curso con la presentaci\u00f3n de trabajos realizados por los docentes, ya sea para proyectos institucionales o para la plataforma interna de cada CDI, con el fin de integrar la gesti\u00f3n de archivos y la colaboraci\u00f3n con los padres para enriquecer el aprendizaje de los ni\u00f1os\u201d.<\/p>\n\n\n\n<figure class=\"wp-block-image size-large\"><img loading=\"lazy\" decoding=\"async\" width=\"1024\" height=\"682\" src=\"https:\/\/corrientesdetarde.com\/wp-content\/uploads\/2024\/03\/image-598-1024x682.png\" alt=\"\" class=\"wp-image-135012\" srcset=\"https:\/\/corrientesdetarde.com\/wp-content\/uploads\/2024\/03\/image-598-1024x682.png 1024w, https:\/\/corrientesdetarde.com\/wp-content\/uploads\/2024\/03\/image-598-300x200.png 300w, https:\/\/corrientesdetarde.com\/wp-content\/uploads\/2024\/03\/image-598-768x512.png 768w, https:\/\/corrientesdetarde.com\/wp-content\/uploads\/2024\/03\/image-598.png 1264w\" sizes=\"auto, (max-width: 1024px) 100vw, 1024px\" \/><\/figure>\n\n\n\n<p><br><br>APRENDER JUGANDO<br><br>Liliana Soto, docente del CDI, destac\u00f3 la importancia de esta capacitaci\u00f3n, dado que reconoci\u00f3: \u201cNosotros contamos con todas las herramientas digitales, pero quiz\u00e1s no sabemos el alcance que puede tener y la utilidad; entonces de esta manera vamos a aprender muchas cosas m\u00e1s para que nuestros chicos aprendan jugando\u201d.<\/p>\n","protected":false},"excerpt":{"rendered":"<p>Los Centros de Desarrollo Infantil, a cargo de la Municipalidad, preparan a sus integrantes para desarrollarse en un \u00e1mbito educativo cada vez m\u00e1s complejo. Es por ello que iniciaron su&hellip; <\/p>\n","protected":false},"author":4,"featured_media":135011,"comment_status":"closed","ping_status":"open","sticky":false,"template":"","format":"standard","meta":{"footnotes":""},"categories":[23],"tags":[],"class_list":["post-134955","post","type-post","status-publish","format-standard","has-post-thumbnail","hentry","category-actualidad"],"_links":{"self":[{"href":"https:\/\/corrientesdetarde.com\/index.php\/wp-json\/wp\/v2\/posts\/134955","targetHints":{"allow":["GET"]}}],"collection":[{"href":"https:\/\/corrientesdetarde.com\/index.php\/wp-json\/wp\/v2\/posts"}],"about":[{"href":"https:\/\/corrientesdetarde.com\/index.php\/wp-json\/wp\/v2\/types\/post"}],"author":[{"embeddable":true,"href":"https:\/\/corrientesdetarde.com\/index.php\/wp-json\/wp\/v2\/users\/4"}],"replies":[{"embeddable":true,"href":"https:\/\/corrientesdetarde.com\/index.php\/wp-json\/wp\/v2\/comments?post=134955"}],"version-history":[{"count":2,"href":"https:\/\/corrientesdetarde.com\/index.php\/wp-json\/wp\/v2\/posts\/134955\/revisions"}],"predecessor-version":[{"id":135017,"href":"https:\/\/corrientesdetarde.com\/index.php\/wp-json\/wp\/v2\/posts\/134955\/revisions\/135017"}],"wp:featuredmedia":[{"embeddable":true,"href":"https:\/\/corrientesdetarde.com\/index.php\/wp-json\/wp\/v2\/media\/135011"}],"wp:attachment":[{"href":"https:\/\/corrientesdetarde.com\/index.php\/wp-json\/wp\/v2\/media?parent=134955"}],"wp:term":[{"taxonomy":"category","embeddable":true,"href":"https:\/\/corrientesdetarde.com\/index.php\/wp-json\/wp\/v2\/categories?post=134955"},{"taxonomy":"post_tag","embeddable":true,"href":"https:\/\/corrientesdetarde.com\/index.php\/wp-json\/wp\/v2\/tags?post=134955"}],"curies":[{"name":"wp","href":"https:\/\/api.w.org\/{rel}","templated":true}]}}