{"id":134964,"date":"2024-03-22T22:10:59","date_gmt":"2024-03-23T01:10:59","guid":{"rendered":"https:\/\/corrientesdetarde.com\/?p=134964"},"modified":"2024-03-22T22:11:10","modified_gmt":"2024-03-23T01:11:10","slug":"victor-blanco-respaldo-la-labor-de-gustavo-costas-en-racing-si-perdiamos-ayer-su-continuidad-no-corria-peligro","status":"publish","type":"post","link":"https:\/\/corrientesdetarde.com\/index.php\/deportes\/victor-blanco-respaldo-la-labor-de-gustavo-costas-en-racing-si-perdiamos-ayer-su-continuidad-no-corria-peligro\/","title":{"rendered":"V\u00edctor Blanco respald\u00f3 la labor de Gustavo Costas en Racing: &#8220;Si perd\u00edamos ayer, su continuidad no corr\u00eda peligro&#8221;"},"content":{"rendered":"\n<p>El presidente de la Academia asegur\u00f3 que el entrenador &#8220;es el indicado para este momento&#8221; del club.<\/p>\n\n\n\n<p><strong>El presidente de Racing, V\u00edctor Blanco, volvi\u00f3 a respaldar al entrenador Gustavo Costas tras el triunfo por Copa Argentina ante San Mart\u00edn de Burzaco por 3 a 0 y, aclar\u00f3 que de haber existido un resultado adverso, su continuidad no corr\u00eda peligro.<\/strong><\/p>\n\n\n\n<p>&#8220;Si perd\u00edamos ayer no pasaba nada. No se compromet\u00eda el ciclo de Gustavo Costas. Tratamos de respetar el trabajo de los t\u00e9cnicos en su paso por el club&#8221;, declar\u00f3 Blanco.<\/p>\n\n\n\n<p>Adem\u00e1s, en di\u00e1logo con Pablo Ladaga en el programa \u201cF\u00fatbol y rosca\u201d que se emite por Radio Splendid AM 990, el mandatario de la Academia, agreg\u00f3: &nbsp;\u201cEste mercado hicimos un esfuerzo enorme para traer las figuras que trajimos, m\u00e1s el agregado del t\u00e9cnico. Costas es el mejor para este momento\u201d.<\/p>\n\n\n\n<p>En cuanto al partido que su equipo se impuso ante el elenco de Burzaco con una goleada por 3 a 0, expres\u00f3: \u201cTen\u00eda fe y la sensaci\u00f3n de que \u00edbamos a ganar. Por uno, dos o tres goles, pero que lo hac\u00edamos. Si.\u201d.<\/p>\n\n\n\n<p>\u201cNos vino muy bien la Copa Argentina, aunque a\u00f1o tras a\u00f1os se nos hizo dif\u00edcil, ya que muchos equipos de primera divisi\u00f3n suelen quedarse afuera porque es muy competitiva\u201d, remarc\u00f3.<\/p>\n\n\n\n<p>En cuanto al presente que atraviesa la entidad de Avellaneda, Blanco destac\u00f3 su gesti\u00f3n: \u201cSiempre hay cosas por hacer, mantenerse, el plantel que este al d\u00eda, estar arriba de esos detalles. Creemos que lo hacemos bien, nunca salimos en un medio que tenemos problemas con los jugadores\u201d.<\/p>\n\n\n\n<p>&#8220;Hay much\u00edsimas cosas por hacer en el f\u00fatbol argentino. Desde la pandemia que estamos bastante atrasados, con recursos m\u00e1s bajos. Desde que salimos campeones del mundo nos modernizamos y hay que aprovechar esa envi\u00f3n. Los dirigentes nos debemos un debate interno para mejorar&#8221;, desliz\u00f3 sobre el presente del deporte a nivel nacional.<\/p>\n\n\n\n<p>Por \u00faltimo, el presidente expres\u00f3 su deseo: &#8220;En lo deportivo, esperamos lo mismo que todos nuestros hinchas. Queremos ganar la Sudamericana y el torneo. Armamos un buen plantel y Racing es el tercer grande\u201d.<\/p>\n","protected":false},"excerpt":{"rendered":"<p>El presidente de la Academia asegur\u00f3 que el entrenador &#8220;es el indicado para este momento&#8221; del club. El presidente de Racing, V\u00edctor Blanco, volvi\u00f3 a respaldar al entrenador Gustavo Costas&hellip; <\/p>\n","protected":false},"author":4,"featured_media":134966,"comment_status":"closed","ping_status":"open","sticky":false,"template":"","format":"standard","meta":{"footnotes":""},"categories":[4],"tags":[],"class_list":["post-134964","post","type-post","status-publish","format-standard","has-post-thumbnail","hentry","category-deportes"],"_links":{"self":[{"href":"https:\/\/corrientesdetarde.com\/index.php\/wp-json\/wp\/v2\/posts\/134964","targetHints":{"allow":["GET"]}}],"collection":[{"href":"https:\/\/corrientesdetarde.com\/index.php\/wp-json\/wp\/v2\/posts"}],"about":[{"href":"https:\/\/corrientesdetarde.com\/index.php\/wp-json\/wp\/v2\/types\/post"}],"author":[{"embeddable":true,"href":"https:\/\/corrientesdetarde.com\/index.php\/wp-json\/wp\/v2\/users\/4"}],"replies":[{"embeddable":true,"href":"https:\/\/corrientesdetarde.com\/index.php\/wp-json\/wp\/v2\/comments?post=134964"}],"version-history":[{"count":1,"href":"https:\/\/corrientesdetarde.com\/index.php\/wp-json\/wp\/v2\/posts\/134964\/revisions"}],"predecessor-version":[{"id":134967,"href":"https:\/\/corrientesdetarde.com\/index.php\/wp-json\/wp\/v2\/posts\/134964\/revisions\/134967"}],"wp:featuredmedia":[{"embeddable":true,"href":"https:\/\/corrientesdetarde.com\/index.php\/wp-json\/wp\/v2\/media\/134966"}],"wp:attachment":[{"href":"https:\/\/corrientesdetarde.com\/index.php\/wp-json\/wp\/v2\/media?parent=134964"}],"wp:term":[{"taxonomy":"category","embeddable":true,"href":"https:\/\/corrientesdetarde.com\/index.php\/wp-json\/wp\/v2\/categories?post=134964"},{"taxonomy":"post_tag","embeddable":true,"href":"https:\/\/corrientesdetarde.com\/index.php\/wp-json\/wp\/v2\/tags?post=134964"}],"curies":[{"name":"wp","href":"https:\/\/api.w.org\/{rel}","templated":true}]}}