{"id":134968,"date":"2024-03-22T22:31:35","date_gmt":"2024-03-23T01:31:35","guid":{"rendered":"https:\/\/corrientesdetarde.com\/?p=134968"},"modified":"2024-03-22T22:31:38","modified_gmt":"2024-03-23T01:31:38","slug":"seleccionan-a-alrededor-de-45-000-voluntarios-para-los-juegos-paris-2024","status":"publish","type":"post","link":"https:\/\/corrientesdetarde.com\/index.php\/deportes\/seleccionan-a-alrededor-de-45-000-voluntarios-para-los-juegos-paris-2024\/","title":{"rendered":"Seleccionan a alrededor de 45.000 voluntarios para los Juegos Par\u00eds 2024"},"content":{"rendered":"\n<p>El programa de voluntarios arranca el s\u00e1bado con la Convenci\u00f3n de Voluntarios en el Paris La D\u00e9fense Arena.<\/p>\n\n\n\n<p><strong>Par\u00eds 2024<\/strong>&nbsp;contar\u00e1 con un equipo de&nbsp;<strong>30.000 voluntarios para los Juegos Ol\u00edmpicos y 15.000 para los Juegos Paral\u00edmpicos<\/strong>, seg\u00fan anunci\u00f3 el viernes el comit\u00e9 organizador.<\/p>\n\n\n\n<p>Alrededor del&nbsp;<strong>20% de los voluntarios proceden de pa\u00edses extranjeros,<\/strong>&nbsp;seleccionados entre 300.000 candidatos.&nbsp;<\/p>\n\n\n\n<p>Sin embargo, el proceso de selecci\u00f3n a\u00fan no ha concluido, seg\u00fan Par\u00eds 2024.<\/p>\n\n\n\n<p>En los Juegos Ol\u00edmpicos de Londres 2012 hubo 70.000 voluntarios, mientras que Tokio hab\u00eda previsto contar con 110.000 antes de la pandemia de COVID-19.<\/p>\n\n\n\n<p>&#8220;<strong>El n\u00famero de voluntarios movilizados para los Juegos de Par\u00eds 2024 est\u00e1 en l\u00ednea con nuestras necesidades y nuestro proyecto<\/strong>, con el objetivo de dar a los voluntarios una misi\u00f3n real y hacer que se sientan \u00fatiles&#8221;, dijo Par\u00eds 2024 en un comunicado a Reuters.<\/p>\n\n\n\n<p>&#8220;El tama\u00f1o de los programas de voluntarios depende del n\u00famero de sedes de competici\u00f3n operativas y del n\u00famero de deportes del programa de los Juegos, que puede cambiar de una edici\u00f3n a otra&#8221;.<\/p>\n\n\n\n<p>El programa de voluntarios arranca el s\u00e1bado con la Convenci\u00f3n de Voluntarios en el Paris La D\u00e9fense Arena, con una presentaci\u00f3n a cargo del Presidente de Par\u00eds 2024, Tony Estanguet, y la presentaci\u00f3n de los uniformes que llevar\u00e1n durante los Juegos.<\/p>\n","protected":false},"excerpt":{"rendered":"<p>El programa de voluntarios arranca el s\u00e1bado con la Convenci\u00f3n de Voluntarios en el Paris La D\u00e9fense Arena. Par\u00eds 2024&nbsp;contar\u00e1 con un equipo de&nbsp;30.000 voluntarios para los Juegos Ol\u00edmpicos y&hellip; <\/p>\n","protected":false},"author":4,"featured_media":134969,"comment_status":"closed","ping_status":"open","sticky":false,"template":"","format":"standard","meta":{"footnotes":""},"categories":[4],"tags":[],"class_list":["post-134968","post","type-post","status-publish","format-standard","has-post-thumbnail","hentry","category-deportes"],"_links":{"self":[{"href":"https:\/\/corrientesdetarde.com\/index.php\/wp-json\/wp\/v2\/posts\/134968","targetHints":{"allow":["GET"]}}],"collection":[{"href":"https:\/\/corrientesdetarde.com\/index.php\/wp-json\/wp\/v2\/posts"}],"about":[{"href":"https:\/\/corrientesdetarde.com\/index.php\/wp-json\/wp\/v2\/types\/post"}],"author":[{"embeddable":true,"href":"https:\/\/corrientesdetarde.com\/index.php\/wp-json\/wp\/v2\/users\/4"}],"replies":[{"embeddable":true,"href":"https:\/\/corrientesdetarde.com\/index.php\/wp-json\/wp\/v2\/comments?post=134968"}],"version-history":[{"count":1,"href":"https:\/\/corrientesdetarde.com\/index.php\/wp-json\/wp\/v2\/posts\/134968\/revisions"}],"predecessor-version":[{"id":134970,"href":"https:\/\/corrientesdetarde.com\/index.php\/wp-json\/wp\/v2\/posts\/134968\/revisions\/134970"}],"wp:featuredmedia":[{"embeddable":true,"href":"https:\/\/corrientesdetarde.com\/index.php\/wp-json\/wp\/v2\/media\/134969"}],"wp:attachment":[{"href":"https:\/\/corrientesdetarde.com\/index.php\/wp-json\/wp\/v2\/media?parent=134968"}],"wp:term":[{"taxonomy":"category","embeddable":true,"href":"https:\/\/corrientesdetarde.com\/index.php\/wp-json\/wp\/v2\/categories?post=134968"},{"taxonomy":"post_tag","embeddable":true,"href":"https:\/\/corrientesdetarde.com\/index.php\/wp-json\/wp\/v2\/tags?post=134968"}],"curies":[{"name":"wp","href":"https:\/\/api.w.org\/{rel}","templated":true}]}}