{"id":134977,"date":"2024-03-22T22:45:19","date_gmt":"2024-03-23T01:45:19","guid":{"rendered":"https:\/\/corrientesdetarde.com\/?p=134977"},"modified":"2024-03-22T22:45:23","modified_gmt":"2024-03-23T01:45:23","slug":"pablo-guede-se-refirio-al-arbitraje-en-la-argentina-les-tengo-mucho-respeto","status":"publish","type":"post","link":"https:\/\/corrientesdetarde.com\/index.php\/deportes\/pablo-guede-se-refirio-al-arbitraje-en-la-argentina-les-tengo-mucho-respeto\/","title":{"rendered":"Pablo Guede se refiri\u00f3 al arbitraje en la Argentina: \u201cLes tengo mucho respeto\u201d"},"content":{"rendered":"\n<p>El entrenador de Argentinos Juniors se mostr\u00f3 lejos de las cr\u00edticas a los jueces del f\u00fatbol nacional.<\/p>\n\n\n\n<p>El entrenador de Argentinos Juniors,&nbsp;<strong>Pablo Guede, se refiri\u00f3 al pol\u00e9mico presente del arbitraje en la Argentina<\/strong>&nbsp;y sostuvo que&nbsp;<strong>nunca lo van a escuchar hablar de ello porque tiene mucho respeto por los colegiados.&nbsp;<\/strong><\/p>\n\n\n\n<p>En dialogo con Pablo Ladaga en el programa \u201cF\u00fatbol y rosca\u201d que se emite por Radio Splendid AM 990, el director t\u00e9cnico del \u201cBicho\u201d de la Paternal analiz\u00f3 la actualidad del arbitraje en el f\u00fatbol argentino:<strong>&nbsp;\u201cYo no me quejo. Nunca me van a escuchar hablar, ni bien ni mal, de los \u00e1rbitros porque yo les tengo mucho respeto y es muy dif\u00edcil ser \u00e1rbitro, muy dif\u00edcil\u201d.&nbsp;<\/strong><\/p>\n\n\n\n<p><strong>&#8220;Esas reacciones espor\u00e1dicas que tengo no son pensadas pero yo jam\u00e1s me meto con el trabajo. Es muy dif\u00edcil, yo armo un picado con los chicos y soy capaz de dirigirlo. \u00bfSabes lo que me putean de un lado y del otro? Tal vez est\u00e1s jugando por un asado, por cualquier cosa y es muy dif\u00edcil. Entonces, a m\u00ed no me van a ver nunca hablar de los \u00e1rbitros y no me quejo porque s\u00e9 que es muy dif\u00edcil ser \u00e1rbitro\u201d<\/strong>&nbsp;agreg\u00f3 el entrenador de 49 a\u00f1os.&nbsp;<\/p>\n\n\n\n<p>Adem\u00e1s, se refiri\u00f3 al gran presente de Argentinos Juniors que lo tiene como uno de los l\u00edderes del Grupo A de la Copa de la Liga:&nbsp;<strong>\u201cLo llevo con tranquilidad, sabiendo donde estamos, el equipo que tenemos que son muchos chicos y que estamos en crecimiento. No puedo mezclar lo que son los resultados con el crecimiento, tenemos muchos j\u00f3venes que est\u00e1n mezclados con los viejos como le digo yo. El equipo tiene que seguir creciendo, tiene que pasar por situaciones buenas como ahora, malas, regulares y tiene que saber salir de todo lo que es el f\u00fatbol\u201d.&nbsp;<\/strong><\/p>\n\n\n\n<p><strong>\u201cCon el gran trabajo que hizo Gaby (Milito) me facilit\u00f3 un mont\u00f3n de cosas que aprovech\u00e9. Se hizo un cambio de nombres y ah\u00ed estamos\u201d&nbsp;<\/strong>a\u00f1adi\u00f3 el ex jugador de Deportivo Espa\u00f1ol.&nbsp;<\/p>\n\n\n\n<p>En este 2024, el ex entrenador de San Lorenzo de Almagro empez\u00f3 a darle titularidad a varios chicos del club y, en relaci\u00f3n a esto, explic\u00f3:&nbsp;<strong>\u201cSe lo ganaron, todos los chicos hicieron una muy buena pretemporada y la verdad que estaba para ponerlos, cre\u00edamos que ten\u00edan que jugar y ah\u00ed es donde crece la competencia. Estaban Fran (\u00c1lvarez), Eric (Meza), Tobi (Palacio) que lo hicieron muy bien, lo mismo que Prieto por el lateral izquierdo donde est\u00e1 jugando el \u201cChino\u201d (Rom\u00e1n Vega)\u201d.&nbsp;<\/strong><\/p>\n\n\n\n<p><strong>\u201cLo lindo es que el otro d\u00eda entr\u00f3 Prieto y tuve que pasar al \u201cChino\u201d de central y rindi\u00f3 de una forma excelente. Entonces yo creo que esa competitividad que generan, tanto los chicos como los grandes, en no aflojar ninguno es lo que hace que cada uno que entre rinda bien\u201d&nbsp;<\/strong>culmin\u00f3 Pablo Guede. &nbsp;<\/p>\n","protected":false},"excerpt":{"rendered":"<p>El entrenador de Argentinos Juniors se mostr\u00f3 lejos de las cr\u00edticas a los jueces del f\u00fatbol nacional. El entrenador de Argentinos Juniors,&nbsp;Pablo Guede, se refiri\u00f3 al pol\u00e9mico presente del arbitraje&hellip; <\/p>\n","protected":false},"author":4,"featured_media":134978,"comment_status":"closed","ping_status":"open","sticky":false,"template":"","format":"standard","meta":{"footnotes":""},"categories":[4],"tags":[],"class_list":["post-134977","post","type-post","status-publish","format-standard","has-post-thumbnail","hentry","category-deportes"],"_links":{"self":[{"href":"https:\/\/corrientesdetarde.com\/index.php\/wp-json\/wp\/v2\/posts\/134977","targetHints":{"allow":["GET"]}}],"collection":[{"href":"https:\/\/corrientesdetarde.com\/index.php\/wp-json\/wp\/v2\/posts"}],"about":[{"href":"https:\/\/corrientesdetarde.com\/index.php\/wp-json\/wp\/v2\/types\/post"}],"author":[{"embeddable":true,"href":"https:\/\/corrientesdetarde.com\/index.php\/wp-json\/wp\/v2\/users\/4"}],"replies":[{"embeddable":true,"href":"https:\/\/corrientesdetarde.com\/index.php\/wp-json\/wp\/v2\/comments?post=134977"}],"version-history":[{"count":1,"href":"https:\/\/corrientesdetarde.com\/index.php\/wp-json\/wp\/v2\/posts\/134977\/revisions"}],"predecessor-version":[{"id":134979,"href":"https:\/\/corrientesdetarde.com\/index.php\/wp-json\/wp\/v2\/posts\/134977\/revisions\/134979"}],"wp:featuredmedia":[{"embeddable":true,"href":"https:\/\/corrientesdetarde.com\/index.php\/wp-json\/wp\/v2\/media\/134978"}],"wp:attachment":[{"href":"https:\/\/corrientesdetarde.com\/index.php\/wp-json\/wp\/v2\/media?parent=134977"}],"wp:term":[{"taxonomy":"category","embeddable":true,"href":"https:\/\/corrientesdetarde.com\/index.php\/wp-json\/wp\/v2\/categories?post=134977"},{"taxonomy":"post_tag","embeddable":true,"href":"https:\/\/corrientesdetarde.com\/index.php\/wp-json\/wp\/v2\/tags?post=134977"}],"curies":[{"name":"wp","href":"https:\/\/api.w.org\/{rel}","templated":true}]}}