{"id":134983,"date":"2024-03-22T22:59:30","date_gmt":"2024-03-23T01:59:30","guid":{"rendered":"https:\/\/corrientesdetarde.com\/?p=134983"},"modified":"2024-03-22T22:59:42","modified_gmt":"2024-03-23T01:59:42","slug":"renuncio-el-director-de-la-tv-publica-juan-parodi","status":"publish","type":"post","link":"https:\/\/corrientesdetarde.com\/index.php\/nacionales\/renuncio-el-director-de-la-tv-publica-juan-parodi\/","title":{"rendered":"Renunci\u00f3 el director de la TV P\u00fablica, Juan Parodi"},"content":{"rendered":"\n<p>La decisi\u00f3n fue comunicada este viernes y se dio tras una reuni\u00f3n con el secretario de Prensa de la Naci\u00f3n, Eduardo Serenellini. Estuvo un mes en el cargo.<\/p>\n\n\n\n<p>El director de la TV P\u00fablica Juan Parodi renunci\u00f3 hoy a su cargo luego de un mes al frente del canal estatal, hab\u00eda asumido en el puesto en febrero pasado y lo dejar\u00e1 oficialmente el pr\u00f3ximo 27 de marzo.&nbsp;<\/p>\n\n\n\n<p>La decisi\u00f3n fue comunicada este viernes y se dio tras una reuni\u00f3n con el secretario de Prensa de la Naci\u00f3n, Eduardo Serenellini, de la que tambi\u00e9n particip\u00f3 H\u00e9ctor Cavallero, director de Radio Nacional.&nbsp;<\/p>\n\n\n\n<p>Parodi renunci\u00f3 cuando se encontraba impulsando modificaciones en la programaci\u00f3n del canal. Entre otros productos, el funcionario hab\u00eda sacado del aire los noticieros de la medianoche, la ma\u00f1ana y el fin de semana.&nbsp;<\/p>\n\n\n\n<p>Adem\u00e1s, dio de baja el tradicional programa Cocineros Argentinos, que se emitir\u00e1 por \u00faltima vez el 31 de marzo.<\/p>\n\n\n\n<p>Ante estas modificaciones, desde la direcci\u00f3n del canal argumentan cuestiones presupuestarias y esperan realizar m\u00e1s cambios en lo que refiere a la se\u00f1al de tv estatal.&nbsp;<\/p>\n\n\n\n<p>Parodi hab\u00eda sido designado en febrero pasado y asumi\u00f3 para reemplazar a Claudio Mart\u00ednez, quien estuvo al frente del canal hasta diciembre 2023.&nbsp;<\/p>\n\n\n\n<p>Cuando tomo la responsabilidad de ponerse al frente del canal estatal prometi\u00f3 \u201cuna pantalla de calidad\u201d y busc\u00f3 presupuesto para relanzar la programaci\u00f3n.<\/p>\n\n\n\n<p>La postura del Gobierno respecto de los medios p\u00fablicos fue expresada por el presidente Javier Milei en varias oportunidades. En una de ellas, hizo referencia a que la TV P\u00fablica se convirti\u00f3 en un \u201cmecanismo de propaganda&#8221; y que no adher\u00eda a la pr\u00e1ctica de \u201ctener un ministerio de propaganda\u201d.<\/p>\n","protected":false},"excerpt":{"rendered":"<p>La decisi\u00f3n fue comunicada este viernes y se dio tras una reuni\u00f3n con el secretario de Prensa de la Naci\u00f3n, Eduardo Serenellini. Estuvo un mes en el cargo. El director&hellip; <\/p>\n","protected":false},"author":4,"featured_media":134984,"comment_status":"closed","ping_status":"open","sticky":false,"template":"","format":"standard","meta":{"footnotes":""},"categories":[10],"tags":[],"class_list":["post-134983","post","type-post","status-publish","format-standard","has-post-thumbnail","hentry","category-nacionales"],"_links":{"self":[{"href":"https:\/\/corrientesdetarde.com\/index.php\/wp-json\/wp\/v2\/posts\/134983","targetHints":{"allow":["GET"]}}],"collection":[{"href":"https:\/\/corrientesdetarde.com\/index.php\/wp-json\/wp\/v2\/posts"}],"about":[{"href":"https:\/\/corrientesdetarde.com\/index.php\/wp-json\/wp\/v2\/types\/post"}],"author":[{"embeddable":true,"href":"https:\/\/corrientesdetarde.com\/index.php\/wp-json\/wp\/v2\/users\/4"}],"replies":[{"embeddable":true,"href":"https:\/\/corrientesdetarde.com\/index.php\/wp-json\/wp\/v2\/comments?post=134983"}],"version-history":[{"count":1,"href":"https:\/\/corrientesdetarde.com\/index.php\/wp-json\/wp\/v2\/posts\/134983\/revisions"}],"predecessor-version":[{"id":134985,"href":"https:\/\/corrientesdetarde.com\/index.php\/wp-json\/wp\/v2\/posts\/134983\/revisions\/134985"}],"wp:featuredmedia":[{"embeddable":true,"href":"https:\/\/corrientesdetarde.com\/index.php\/wp-json\/wp\/v2\/media\/134984"}],"wp:attachment":[{"href":"https:\/\/corrientesdetarde.com\/index.php\/wp-json\/wp\/v2\/media?parent=134983"}],"wp:term":[{"taxonomy":"category","embeddable":true,"href":"https:\/\/corrientesdetarde.com\/index.php\/wp-json\/wp\/v2\/categories?post=134983"},{"taxonomy":"post_tag","embeddable":true,"href":"https:\/\/corrientesdetarde.com\/index.php\/wp-json\/wp\/v2\/tags?post=134983"}],"curies":[{"name":"wp","href":"https:\/\/api.w.org\/{rel}","templated":true}]}}