{"id":135085,"date":"2024-03-23T14:22:30","date_gmt":"2024-03-23T17:22:30","guid":{"rendered":"https:\/\/corrientesdetarde.com\/?p=135085"},"modified":"2024-03-23T14:22:31","modified_gmt":"2024-03-23T17:22:31","slug":"el-estado-islamico-se-atribuyo-el-tragico-atentado-en-moscu","status":"publish","type":"post","link":"https:\/\/corrientesdetarde.com\/index.php\/internacionales\/el-estado-islamico-se-atribuyo-el-tragico-atentado-en-moscu\/","title":{"rendered":"El Estado Isl\u00e1mico se atribuy\u00f3 el tr\u00e1gico atentado en Mosc\u00fa"},"content":{"rendered":"\n<p>El Estado Isl\u00e1mico reivindic\u00f3 el terrible tiroteo en una sala de conciertos de un centro comercial en las afueras de Mosc\u00fa, que este viernes caus\u00f3 al menos 40 muertos y un centenar de heridos.<\/p>\n\n\n\n<p>As\u00ed lo inform\u00f3 la agencia Amaq, \u00f3rgano de la organizaci\u00f3n yihadista, al afirmar que &#8220;los combatientes del Estado Isl\u00e1mico atacaron una gran agrupaci\u00f3n de cristianos en la ciudad de Krasnogorsk, en las afueras de la capital rusa, Mosc\u00fa&#8221;.<\/p>\n\n\n\n<p>El escueto comunicado agrega que &#8220;mataron e hirieron a cientos de personas y causaron una gran destrucci\u00f3n en el lugar antes de retirarse a sus bases de manera segura&#8221;, no brindando mayores detalles del atentado.<\/p>\n\n\n\n<p>Tras uno de los ataques m\u00e1s graves sufridos en Rusia en las \u00faltimas dos d\u00e9cadas, la Guardia Nacional Rusa (Rosgvardia) busca a los terroristas que perpetraron el atentado en la sala de conciertos donde actuaba el grupo de rock Piknik.<\/p>\n\n\n\n<p>En las im\u00e1genes colgadas por testigos en las redes sociales se ve c\u00f3mo varios hombres disparan contra la gente a su entrada en el centro comercial y los cuerpos de varias v\u00edctimas yacen en el suelo, ba\u00f1ados en sangre.<\/p>\n\n\n\n<h3 class=\"wp-block-heading\">Ucrania se hab\u00eda desligado del atentado<\/h3>\n\n\n\n<p>Poco antes de que el Estado Isl\u00e1mico reivindicara el ataque, Ucrania se hab\u00eda desligado del mismo, en el marco de la guerra que mantiene con la Federaci\u00f3n Rusa.<\/p>\n\n\n\n<p>Fue el asesor presidencial ucraniano, Mijailo Podolyak, quien afirm\u00f3 que Kiev no tuvo nada que ver con el atentado de este viernes en la sala de conciertos cerca de Mosc\u00fa.<\/p>\n\n\n\n<p>&#8220;Seamos claros: Ucrania no tuvo absolutamente nada que ver con estos acontecimientos&#8221;, hab\u00eda asegurado Podolyak en un mensaje de v\u00eddeo publicado en Telegram.<\/p>\n\n\n\n<p>&#8220;Tenemos una guerra total, a gran escala, con el ej\u00e9rcito ruso y con la Federaci\u00f3n Rusa como pa\u00eds. Y a pesar de todo, todo se decidir\u00e1 en el campo de batalla&#8221;, se\u00f1alaba el asesor de Volod\u00edmir Zelenski.<\/p>\n","protected":false},"excerpt":{"rendered":"<p>El Estado Isl\u00e1mico reivindic\u00f3 el terrible tiroteo en una sala de conciertos de un centro comercial en las afueras de Mosc\u00fa, que este viernes caus\u00f3 al menos 40 muertos y&hellip; <\/p>\n","protected":false},"author":12,"featured_media":135092,"comment_status":"closed","ping_status":"open","sticky":false,"template":"","format":"standard","meta":{"footnotes":""},"categories":[11],"tags":[],"class_list":["post-135085","post","type-post","status-publish","format-standard","has-post-thumbnail","hentry","category-internacionales"],"_links":{"self":[{"href":"https:\/\/corrientesdetarde.com\/index.php\/wp-json\/wp\/v2\/posts\/135085","targetHints":{"allow":["GET"]}}],"collection":[{"href":"https:\/\/corrientesdetarde.com\/index.php\/wp-json\/wp\/v2\/posts"}],"about":[{"href":"https:\/\/corrientesdetarde.com\/index.php\/wp-json\/wp\/v2\/types\/post"}],"author":[{"embeddable":true,"href":"https:\/\/corrientesdetarde.com\/index.php\/wp-json\/wp\/v2\/users\/12"}],"replies":[{"embeddable":true,"href":"https:\/\/corrientesdetarde.com\/index.php\/wp-json\/wp\/v2\/comments?post=135085"}],"version-history":[{"count":1,"href":"https:\/\/corrientesdetarde.com\/index.php\/wp-json\/wp\/v2\/posts\/135085\/revisions"}],"predecessor-version":[{"id":135093,"href":"https:\/\/corrientesdetarde.com\/index.php\/wp-json\/wp\/v2\/posts\/135085\/revisions\/135093"}],"wp:featuredmedia":[{"embeddable":true,"href":"https:\/\/corrientesdetarde.com\/index.php\/wp-json\/wp\/v2\/media\/135092"}],"wp:attachment":[{"href":"https:\/\/corrientesdetarde.com\/index.php\/wp-json\/wp\/v2\/media?parent=135085"}],"wp:term":[{"taxonomy":"category","embeddable":true,"href":"https:\/\/corrientesdetarde.com\/index.php\/wp-json\/wp\/v2\/categories?post=135085"},{"taxonomy":"post_tag","embeddable":true,"href":"https:\/\/corrientesdetarde.com\/index.php\/wp-json\/wp\/v2\/tags?post=135085"}],"curies":[{"name":"wp","href":"https:\/\/api.w.org\/{rel}","templated":true}]}}