{"id":135087,"date":"2024-03-23T14:37:53","date_gmt":"2024-03-23T17:37:53","guid":{"rendered":"https:\/\/corrientesdetarde.com\/?p=135087"},"modified":"2024-03-23T14:38:05","modified_gmt":"2024-03-23T17:38:05","slug":"goya-un-joven-murio-tras-chocar-con-su-moto-contra-un-poste-de-luz","status":"publish","type":"post","link":"https:\/\/corrientesdetarde.com\/index.php\/interior\/goya-un-joven-murio-tras-chocar-con-su-moto-contra-un-poste-de-luz\/","title":{"rendered":"GOYA: Un joven muri\u00f3 tras chocar con su moto contra un poste de luz"},"content":{"rendered":"\n<p>Un joven de 25 a\u00f1os muri\u00f3 al incrustarse contra un poste de luz por calle Jos\u00e9 Mar\u00eda Soto al 2400 en el barrio Itat\u00ed de Goya.<\/p>\n\n\n\n<p>Los primeros datos indican que el muchacho no iba alcoholizado, y sorpresivamente subi\u00f3 a la vereda y termin\u00f3 chocando la columna. Falleci\u00f3 al instante.<\/p>\n\n\n\n<p>La v\u00edctima fue identificada como Tom\u00e1s Escobar y ser\u00eda vecino de la zona.<\/p>\n\n\n\n<p>De acuerdo a datos de vecinos, el joven no choc\u00f3 contra un veh\u00edculo previamente ni tampoco se not\u00f3 que vaya de manera descontrolada, por lo que es muy llamativa la manera en la que termin\u00f3 chocando y perdiendo la vida.<\/p>\n\n\n\n<p><\/p>\n\n\n\n<p><\/p>\n","protected":false},"excerpt":{"rendered":"<p>Un joven de 25 a\u00f1os muri\u00f3 al incrustarse contra un poste de luz por calle Jos\u00e9 Mar\u00eda Soto al 2400 en el barrio Itat\u00ed de Goya. Los primeros datos indican&hellip; <\/p>\n","protected":false},"author":12,"featured_media":135111,"comment_status":"closed","ping_status":"open","sticky":false,"template":"","format":"standard","meta":{"footnotes":""},"categories":[1658],"tags":[],"class_list":["post-135087","post","type-post","status-publish","format-standard","has-post-thumbnail","hentry","category-interior"],"_links":{"self":[{"href":"https:\/\/corrientesdetarde.com\/index.php\/wp-json\/wp\/v2\/posts\/135087","targetHints":{"allow":["GET"]}}],"collection":[{"href":"https:\/\/corrientesdetarde.com\/index.php\/wp-json\/wp\/v2\/posts"}],"about":[{"href":"https:\/\/corrientesdetarde.com\/index.php\/wp-json\/wp\/v2\/types\/post"}],"author":[{"embeddable":true,"href":"https:\/\/corrientesdetarde.com\/index.php\/wp-json\/wp\/v2\/users\/12"}],"replies":[{"embeddable":true,"href":"https:\/\/corrientesdetarde.com\/index.php\/wp-json\/wp\/v2\/comments?post=135087"}],"version-history":[{"count":1,"href":"https:\/\/corrientesdetarde.com\/index.php\/wp-json\/wp\/v2\/posts\/135087\/revisions"}],"predecessor-version":[{"id":135112,"href":"https:\/\/corrientesdetarde.com\/index.php\/wp-json\/wp\/v2\/posts\/135087\/revisions\/135112"}],"wp:featuredmedia":[{"embeddable":true,"href":"https:\/\/corrientesdetarde.com\/index.php\/wp-json\/wp\/v2\/media\/135111"}],"wp:attachment":[{"href":"https:\/\/corrientesdetarde.com\/index.php\/wp-json\/wp\/v2\/media?parent=135087"}],"wp:term":[{"taxonomy":"category","embeddable":true,"href":"https:\/\/corrientesdetarde.com\/index.php\/wp-json\/wp\/v2\/categories?post=135087"},{"taxonomy":"post_tag","embeddable":true,"href":"https:\/\/corrientesdetarde.com\/index.php\/wp-json\/wp\/v2\/tags?post=135087"}],"curies":[{"name":"wp","href":"https:\/\/api.w.org\/{rel}","templated":true}]}}