{"id":135102,"date":"2024-03-23T14:34:01","date_gmt":"2024-03-23T17:34:01","guid":{"rendered":"https:\/\/corrientesdetarde.com\/?p=135102"},"modified":"2024-03-23T14:34:05","modified_gmt":"2024-03-23T17:34:05","slug":"las-ferias-de-la-ciudad-recorren-distintasplazas-con-ofertas-y-productos-de-calidad","status":"publish","type":"post","link":"https:\/\/corrientesdetarde.com\/index.php\/sociales\/las-ferias-de-la-ciudad-recorren-distintasplazas-con-ofertas-y-productos-de-calidad\/","title":{"rendered":"Las Ferias de la Ciudad recorren distintasplazas con ofertas y productos de calidad"},"content":{"rendered":"\n<p><\/p>\n\n\n\n<p><em>Los feriantes estar\u00e1n en distintos espacios p\u00fablicos capitalinos desde el lunes 25 al domingo 31 de marzo, en el horario de 8 a 13. La propuesta llegar\u00e1 a las Mil Viviendas, Ber\u00f3n de Astrada, Centro, Libertad, parque Mitre y Paseo Arazaty.<\/em><\/p>\n\n\n\n<p>La Municipalidad de Corrientes dio a conocer la nueva programaci\u00f3n de las Ferias de la Ciudad, que llegar\u00e1n a distintos espacios p\u00fablicos del lunes 25 al domingo 31 de marzo. Se trata de una acci\u00f3n coordinada por la Secretar\u00eda de Desarrollo Econ\u00f3mico municipal, a trav\u00e9s de la Subsecretar\u00eda de Econom\u00eda Social.<br><br>El recorrido iniciar\u00e1 el lunes 25 en el barrio Mil Viviendas -plaza Rep\u00fablica del Per\u00fa, en avenida Patagonia entre Av. La Paz y Av. Paysand\u00fa- y en el barrio Ber\u00f3n de Astrada -plazoleta Los Inmigrantes, en Ac. Correa Fern\u00e1ndez y Av. Sarmiento-.<br><br>El martes 26, las ferias se instalar\u00e1n en la plaza Torrent (San Lorenzo y Bol\u00edvar) y plazoleta Los Amigos (avenida Gobernador Pujol y Brasil) en el barrio Libertad. El mi\u00e9rcoles 27 volver\u00e1n a estar en la plaza Torrent.<br><br>El Jueves Santo, los puesteros se ubicar\u00e1n en plaza La Cruz, por calle Salta, en el barrio del mismo nombre. Adem\u00e1s, estar\u00e1n en el Paseo Arazaty con manualidades, artesan\u00edas y gastronom\u00eda, de 10 a 22.<br><br>El viernes 29 se repetir\u00e1 la propuesta en el Paseo Arazaty, en el mismo horario.<br><br>El recorrido continuar\u00e1 el s\u00e1bado 30, de 8 a 13, por la calle Pil\u00fa G\u00f3mez y Jos\u00e9 Rol\u00f3n, en el parque Mitre; y en el Paseo Arazaty, de 10 a 22. &nbsp;<br><br>En tanto que el domingo 31 habr\u00e1 puesteros en el Paseo Arazaty que ofrecer\u00e1n, de 10 a 20, plantas ornamentales, ofertas gastron\u00f3micas, artesan\u00edas y manualidades.<br><br>CRONOGRAMA COMPLETO &nbsp;<br><br>Lunes 25 de marzo: barrio Mil Viviendas (plaza Rep\u00fablica del Per\u00fa) y barrio Ber\u00f3n de Astrada (plazoleta de los Inmigrantes)<br><br>Martes 26 de marzo: barrio Centro (plaza Torrent) y barrio Libertad (plaza Los Amigos)<br><br>Mi\u00e9rcoles 27 de marzo: barrio Centro (plaza Torrent)<br><br>Jueves 28 de marzo: barrio La Cruz (plaza La Cruz) de 8 a 13; y Paseo Arazaty, de 10 a 22.<br><br>Viernes 29 de marzo: Paseo Arazaty, de 10 a 22.<br><br>S\u00e1bado 30 de marzo: barrio Aldana (parque Mitre), de 8 a 13; y Paseo Arazaty.<br><br>Domingo 31 de marzo: Paseo Arazaty<\/p>\n","protected":false},"excerpt":{"rendered":"<p>Los feriantes estar\u00e1n en distintos espacios p\u00fablicos capitalinos desde el lunes 25 al domingo 31 de marzo, en el horario de 8 a 13. La propuesta llegar\u00e1 a las Mil&hellip; <\/p>\n","protected":false},"author":12,"featured_media":135109,"comment_status":"closed","ping_status":"open","sticky":false,"template":"","format":"standard","meta":{"footnotes":""},"categories":[17],"tags":[],"class_list":["post-135102","post","type-post","status-publish","format-standard","has-post-thumbnail","hentry","category-sociales"],"_links":{"self":[{"href":"https:\/\/corrientesdetarde.com\/index.php\/wp-json\/wp\/v2\/posts\/135102","targetHints":{"allow":["GET"]}}],"collection":[{"href":"https:\/\/corrientesdetarde.com\/index.php\/wp-json\/wp\/v2\/posts"}],"about":[{"href":"https:\/\/corrientesdetarde.com\/index.php\/wp-json\/wp\/v2\/types\/post"}],"author":[{"embeddable":true,"href":"https:\/\/corrientesdetarde.com\/index.php\/wp-json\/wp\/v2\/users\/12"}],"replies":[{"embeddable":true,"href":"https:\/\/corrientesdetarde.com\/index.php\/wp-json\/wp\/v2\/comments?post=135102"}],"version-history":[{"count":1,"href":"https:\/\/corrientesdetarde.com\/index.php\/wp-json\/wp\/v2\/posts\/135102\/revisions"}],"predecessor-version":[{"id":135110,"href":"https:\/\/corrientesdetarde.com\/index.php\/wp-json\/wp\/v2\/posts\/135102\/revisions\/135110"}],"wp:featuredmedia":[{"embeddable":true,"href":"https:\/\/corrientesdetarde.com\/index.php\/wp-json\/wp\/v2\/media\/135109"}],"wp:attachment":[{"href":"https:\/\/corrientesdetarde.com\/index.php\/wp-json\/wp\/v2\/media?parent=135102"}],"wp:term":[{"taxonomy":"category","embeddable":true,"href":"https:\/\/corrientesdetarde.com\/index.php\/wp-json\/wp\/v2\/categories?post=135102"},{"taxonomy":"post_tag","embeddable":true,"href":"https:\/\/corrientesdetarde.com\/index.php\/wp-json\/wp\/v2\/tags?post=135102"}],"curies":[{"name":"wp","href":"https:\/\/api.w.org\/{rel}","templated":true}]}}