{"id":135200,"date":"2024-03-24T09:36:44","date_gmt":"2024-03-24T12:36:44","guid":{"rendered":"https:\/\/corrientesdetarde.com\/?p=135200"},"modified":"2024-03-24T09:43:25","modified_gmt":"2024-03-24T12:43:25","slug":"tenso-clima-en-un-dia-de-la-memoria-tristemente-diferente","status":"publish","type":"post","link":"https:\/\/corrientesdetarde.com\/index.php\/politica\/tenso-clima-en-un-dia-de-la-memoria-tristemente-diferente\/","title":{"rendered":"TENSO CLIMA EN UN DIA DE LA MEMORIA TRISTEMENTE DIFERENTE"},"content":{"rendered":"\n<p>(Corresponsalia Buenos Aires) &#8211; El clima del D\u00eda de la Memoria este a\u00f1o refleja una marcada confrontaci\u00f3n y la ruptura de consensos hist\u00f3ricos. Las actividades programadas para este domingo se ven influenciadas por una postura oficial que cuestiona acuerdos democr\u00e1ticos que se establecieron desde la \u00e9poca de Alfons\u00edn y se consolidaron durante el gobierno de Kirchner.<\/p>\n\n\n\n<p>Por primera vez desde 1983, los medios p\u00fablicos no transmitir\u00e1n los actos conmemorativos del 24 de marzo, D\u00eda de la Memoria por la Verdad y la Justicia. En su lugar, el Gobierno nacional presentar\u00e1 un video con su propia versi\u00f3n de la \u00faltima dictadura c\u00edvico-militar, y la Casa Rosada no organizar\u00e1 actos oficiales para la ocasi\u00f3n.<\/p>\n\n\n\n<figure class=\"wp-block-image size-large\"><img loading=\"lazy\" decoding=\"async\" width=\"1024\" height=\"683\" src=\"https:\/\/corrientesdetarde.com\/wp-content\/uploads\/2024\/03\/villarruel-milei-enloquecidos-1024x683.jpg\" alt=\"\" class=\"wp-image-135209\" srcset=\"https:\/\/corrientesdetarde.com\/wp-content\/uploads\/2024\/03\/villarruel-milei-enloquecidos-1024x683.jpg 1024w, https:\/\/corrientesdetarde.com\/wp-content\/uploads\/2024\/03\/villarruel-milei-enloquecidos-300x200.jpg 300w, https:\/\/corrientesdetarde.com\/wp-content\/uploads\/2024\/03\/villarruel-milei-enloquecidos-768x512.jpg 768w, https:\/\/corrientesdetarde.com\/wp-content\/uploads\/2024\/03\/villarruel-milei-enloquecidos.jpg 1300w\" sizes=\"auto, (max-width: 1024px) 100vw, 1024px\" \/><\/figure>\n\n\n\n<p>El presidente Javier Milei ha vuelto a poner en duda la cifra de 30.000 desaparecidos durante su discurso de apertura del per\u00edodo de sesiones ordinarias del Congreso. Mientras tanto, la Justicia ha rechazado los recursos presentados por condenados por cr\u00edmenes de lesa humanidad para cumplir sus penas en sus hogares, recordando que el indulto est\u00e1 prohibido para los represores.<\/p>\n\n\n\n<p>Este contexto se desarrollar\u00e1 en un d\u00eda en el que se llevar\u00e1n a cabo diversas marchas en todo el pa\u00eds para recordar los horrores de la dictadura, con la Plaza de Mayo como epicentro. Desde los hist\u00f3ricos Juicios a las Juntas Militares impulsados por Ra\u00fal Alfons\u00edn, se hab\u00eda consolidado un consenso democr\u00e1tico para condenar las atrocidades cometidas desde 1976 y se implementaron pol\u00edticas de reparaci\u00f3n para las v\u00edctimas. Estas pol\u00edticas fueron fortalecidas durante el gobierno de N\u00e9stor Kirchner, pero ahora enfrentan una amenaza con la llegada del presidente Milei, quien busca romper este consenso, a pesar de que Argentina es reconocida internacionalmente por su compromiso con los derechos humanos.<\/p>\n\n\n\n<p>La vicepresidenta Victoria Villarruel, con estrechos lazos familiares con miembros de las Fuerzas Armadas y condenados por cr\u00edmenes de lesa humanidad, ha sido una figura central en esta ruptura de consensos. A trav\u00e9s de su campa\u00f1a y su organizaci\u00f3n, el Centro de Estudios Legales sobre el Terrorismo y sus V\u00edctimas (Celtyv), Villarruel ha buscado reivindicar a las v\u00edctimas de los ataques de guerrillas en los a\u00f1os setenta.<\/p>\n\n\n\n<p>A pesar de los intentos por unificar las marchas en Plaza de Mayo, no se logr\u00f3 un acuerdo debido a las diferencias en los discursos entre los organismos de derechos humanos y los grupos de izquierda. Por lo tanto, habr\u00e1 dos actos separados en la plaza.<\/p>\n\n\n\n<p>El gobierno ha intentado promover una postura negacionista, pero la Justicia ha rechazado sistem\u00e1ticamente los recursos de condenados por cr\u00edmenes de lesa humanidad para cumplir sus penas en sus casas. Se espera que el Gobierno difunda un video con su propia versi\u00f3n de los hechos ocurridos durante la dictadura, en un intento de confrontar con el consenso democr\u00e1tico hist\u00f3rico de condena al Terrorismo de Estado.<\/p>\n\n\n\n<p>A medida que se conmemora otro 24 de marzo, los organismos de derechos humanos y las v\u00edctimas contin\u00faan buscando el avance de las causas para evitar la &#8220;impunidad biol\u00f3gica&#8221; de los acusados. Este D\u00eda de la Memoria por la Verdad y la Justicia promete ser uno de los m\u00e1s desafiantes hasta la fecha.<\/p>\n","protected":false},"excerpt":{"rendered":"<p>(Corresponsalia Buenos Aires) &#8211; El clima del D\u00eda de la Memoria este a\u00f1o refleja una marcada confrontaci\u00f3n y la ruptura de consensos hist\u00f3ricos. Las actividades programadas para este domingo se&hellip; <\/p>\n","protected":false},"author":11,"featured_media":135208,"comment_status":"closed","ping_status":"open","sticky":false,"template":"","format":"standard","meta":{"footnotes":""},"categories":[26,3],"tags":[1793,167,841,1792,1791],"class_list":["post-135200","post","type-post","status-publish","format-standard","has-post-thumbnail","hentry","category-destacados","category-politica","tag-desparecidos","tag-dictadura","tag-indulto","tag-marzo","tag-memoria"],"_links":{"self":[{"href":"https:\/\/corrientesdetarde.com\/index.php\/wp-json\/wp\/v2\/posts\/135200","targetHints":{"allow":["GET"]}}],"collection":[{"href":"https:\/\/corrientesdetarde.com\/index.php\/wp-json\/wp\/v2\/posts"}],"about":[{"href":"https:\/\/corrientesdetarde.com\/index.php\/wp-json\/wp\/v2\/types\/post"}],"author":[{"embeddable":true,"href":"https:\/\/corrientesdetarde.com\/index.php\/wp-json\/wp\/v2\/users\/11"}],"replies":[{"embeddable":true,"href":"https:\/\/corrientesdetarde.com\/index.php\/wp-json\/wp\/v2\/comments?post=135200"}],"version-history":[{"count":2,"href":"https:\/\/corrientesdetarde.com\/index.php\/wp-json\/wp\/v2\/posts\/135200\/revisions"}],"predecessor-version":[{"id":135211,"href":"https:\/\/corrientesdetarde.com\/index.php\/wp-json\/wp\/v2\/posts\/135200\/revisions\/135211"}],"wp:featuredmedia":[{"embeddable":true,"href":"https:\/\/corrientesdetarde.com\/index.php\/wp-json\/wp\/v2\/media\/135208"}],"wp:attachment":[{"href":"https:\/\/corrientesdetarde.com\/index.php\/wp-json\/wp\/v2\/media?parent=135200"}],"wp:term":[{"taxonomy":"category","embeddable":true,"href":"https:\/\/corrientesdetarde.com\/index.php\/wp-json\/wp\/v2\/categories?post=135200"},{"taxonomy":"post_tag","embeddable":true,"href":"https:\/\/corrientesdetarde.com\/index.php\/wp-json\/wp\/v2\/tags?post=135200"}],"curies":[{"name":"wp","href":"https:\/\/api.w.org\/{rel}","templated":true}]}}