{"id":135204,"date":"2024-03-24T09:34:14","date_gmt":"2024-03-24T12:34:14","guid":{"rendered":"https:\/\/corrientesdetarde.com\/?p=135204"},"modified":"2024-03-24T09:34:18","modified_gmt":"2024-03-24T12:34:18","slug":"los-mas-de-100-dias-de-alberto-fernandez-despues-de-la-presidencia-y-fuera-del-pj-volvio-a-hablar-con-cristina","status":"publish","type":"post","link":"https:\/\/corrientesdetarde.com\/index.php\/politica\/los-mas-de-100-dias-de-alberto-fernandez-despues-de-la-presidencia-y-fuera-del-pj-volvio-a-hablar-con-cristina\/","title":{"rendered":"Los m\u00e1s de 100 d\u00edas de Alberto Fern\u00e1ndez despu\u00e9s de la Presidencia y fuera del PJ: \u00bfvolvi\u00f3 a hablar con Cristina?"},"content":{"rendered":"\n<p>Entre Buenos Aires y Madrid, el exmandatario sigue con preocupaci\u00f3n cada paso que adopta la gesti\u00f3n libertaria y apuesta por la reconversi\u00f3n del peronismo.<\/p>\n\n\n\n<p>Tras renunciar a sus compromisos formales con el&nbsp;<strong>Partido Justicialista<\/strong>, el expresidente&nbsp;<strong>Alberto Fern\u00e1ndez<\/strong>&nbsp;reparte sus d\u00edas entre las calles de Madrid, donde temporalmente reside su familia, y las comodidades del barrio porte\u00f1o de Puerto Madero. En el departamento que su amigo Jos\u00e9 \u201cPepe\u201d Albistur le hizo entrega alguna vez transita&nbsp;<strong>con preocupaci\u00f3n<\/strong>&nbsp;los primeros 100 d\u00edas del gobierno de Javier Milei.<\/p>\n\n\n\n<p>Seg\u00fan supo la&nbsp;<em>agencia Noticias Argentinas,<\/em>&nbsp;el exmandatario de vez en cuando intercambia alg\u00fan llamado con el fundador de La Libertad Avanza, al que considera una persona respetuosa, que valora el buen trato, aunque&nbsp;<strong>le cuestiona su dogmatismo que lo llevan a reaccionar con efervescencia cuando se lo contradice.<\/strong><\/p>\n\n\n\n<p>Cree tambi\u00e9n que su sucesor no es capaz de escuchar y corregir, y que&nbsp;<strong>est\u00e1 mal asesorado,<\/strong>&nbsp;por lo que le sugiere ampliar su c\u00edrculo de confianza. Para un cuadro pol\u00edtico tradicional como lo es Fern\u00e1ndez, el \u201cestratega\u201d&nbsp;<strong>Santiago Caputo<\/strong>&nbsp;<strong>no cuenta con los conocimientos pol\u00edticos necesarios para el rol que ocupa como asesor del jefe de Estado<\/strong>, y en sinton\u00eda, no le encuentra sentido al consejo de confrontar permanentemente con todos los actores.<\/p>\n\n\n\n<p>En m\u00e1s de una oportunidad, y en base a su experiencia, le recomend\u00f3 al presidente -sin \u00e9xito- que negocie con los gobernadores, que los cite por separado, y que avance en el trazado de relaciones fluidas con las provincias. Es de p\u00fablico conocimiento que su mensaje no fue receptado.<\/p>\n\n\n\n<p>El exmandatario contextualiza adem\u00e1s&nbsp;<strong>el discurso contra \u201cla casta\u201d&nbsp;<\/strong>de Milei en el sentimiento internacional antisistema que cala profundo en las sociedades y detecta que potenciar la forma de hacer pol\u00edtica insultando a los pol\u00edticos hace crecer la imagen positiva del Gobierno.<\/p>\n\n\n\n<h2 class=\"wp-block-heading\">Preocupaci\u00f3n por el clima social<\/h2>\n\n\n\n<p>A pesar de las diferencias p\u00fablicas que lo distanciaron de la vicepresidenta&nbsp;<strong>Cristina Kirchner<\/strong>, ambos coinciden en ver con preocupaci\u00f3n la realidad del pa\u00eds, aunque como institucionalistas&nbsp;<strong>anhelan<\/strong>&nbsp;<strong>que La Libertad Avanza cumpla con los cuatro a\u00f1os de mandato.<\/strong><\/p>\n\n\n\n<p>Desde su c\u00edrculo \u00edntimo revelaron a esta agencia que Fern\u00e1ndez, a pesar de sus deseos de que el Gobierno finalice en t\u00e9rmino y forma su gesti\u00f3n, se muestra intranquilo y se lo escucha decir -al ex mandatario- que Milei<strong>&nbsp;\u201cno es consciente de c\u00f3mo est\u00e1 abusando de la paciencia social, que el Gran Buenos Aires es una bomba de tiempo y que el d\u00eda que reaccione van a tener un 19 de diciembre\u201d. \u201cEst\u00e1n jugando con fuego, pero no la ve o no le importa\u201d,&nbsp;<\/strong>aseguran que comenta el exjefe de Estado.<\/p>\n\n\n\n<p>El centro de los cuestionamientos es el tama\u00f1o del ajuste que llev\u00f3 adelante la nueva administraci\u00f3n para&nbsp;<strong>ordenar el desv\u00edo del 0,9%<\/strong>&nbsp;existente entre el d\u00e9ficit fiscal de 2023, que cerr\u00f3 en&nbsp;<strong>2,8%,<\/strong>&nbsp;y &nbsp;la meta pactada con el Fondo Monetario Internacional (FMI), que era de&nbsp;<strong>1,9%.<\/strong><\/p>\n\n\n\n<p>A eso se le suma la impronta que considera&nbsp;<strong>provocadora,<\/strong>&nbsp;en una sociedad con altos niveles de agresividad post pandemia, y la fuerte confusi\u00f3n entre el mundo institucional y el de las redes sociales propiciada por los libertarios.<\/p>\n\n\n\n<p>Son varios los peronistas que como extitular del PJ opinan que el objetivo del espacio surgido en 2021 es instalar&nbsp;<strong>una nueva grieta<\/strong>&nbsp;que diferencia a los pol\u00edticos tradicionales, a los que en el oficialismo acusan de corruptos y ladrones, de la nueva pol\u00edtica, la suya, autocalificada de transparente y sincera.<\/p>\n\n\n\n<p>En el entorno de Fern\u00e1ndez remarcan adem\u00e1s la cantidad de familiares con los que la nueva gesti\u00f3n complet\u00f3 los esca\u00f1os del Estado, y advierten que el aumento de sueldos para miembros del Poder Ejecutivo no fue un simple error de un funcionario de tercer rango. Adem\u00e1s, ante los primeros anuncios y las proyecciones del FMI -que estima una ca\u00edda del 2,8% en 2024-&nbsp;<strong>hay convencimiento de que la Argentina no va a crecer.<\/strong><\/p>\n\n\n\n<h2 class=\"wp-block-heading\">Renovaci\u00f3n del peronismo<\/h2>\n\n\n\n<p>En calidad de expresidente del Partido Justicialista (PJ), Fern\u00e1ndez entiende que existe un problema en la l\u00f3gica pol\u00edtica del peronismo que aleja a la sociedad e insiste con&nbsp;<strong>la unidad<\/strong>&nbsp;como receta para resolverlo.<\/p>\n\n\n\n<p>En ese camino, pregona el paso a una nueva dirigencia, de caras nuevas, hasta ahora opacados por los personalismos, y promueve, como lo hizo a finales de su mandato, a referentes como&nbsp;<strong>Victoria Tolosa Paz, Jorge Ferraresi&nbsp;<\/strong>o<strong>&nbsp;Gabriel Katopodis.<\/strong><\/p>\n\n\n\n<p>Fuentes del entorno confiesan adem\u00e1s que en los \u00faltimos tiempos habla mucho sobre&nbsp;<strong>Francisco Echarren<\/strong>, actual intendente de Castelli, de 44 a\u00f1os y&nbsp;<strong>que se presenta como \u201cperonista y keynesiano\u201d.<\/strong><\/p>\n\n\n\n<p>Tambi\u00e9n piensa en&nbsp;<strong>Sergio Massa<\/strong>, ex candidato presidencial, con el que habla frecuentemente. Lo considera la persona que m\u00e1s conoce la botonera del Estado y le ve&nbsp;<strong>posibilidades de reinventarse, sobre todo en contraposici\u00f3n a Milei<\/strong>.<\/p>\n\n\n\n<p>Si bien reconoce grandes cualidades en&nbsp;<strong>Axel Kicillof<\/strong>, hoy la cara visible de la resistencia en la provincia de Buenos Aires, cree que debe resolver sus tendencias a obedecer a Cristina Kirchner,&nbsp;<strong>con quien no ha vuelto a tener di\u00e1logo.<\/strong><\/p>\n\n\n\n<p>La relaci\u00f3n con la exvicepresidenta siempre fue compleja, y a pesar de las heridas a\u00fan abiertas producto de los reproches constantes del kirchnerismo durante su gesti\u00f3n,&nbsp;<strong>no descarta la posibilidad de volver a acercar partes para hacer frente al liberalismo.&nbsp;<\/strong><\/p>\n\n\n\n<h2 class=\"wp-block-heading\">Pol\u00e9mica por los seguros<\/h2>\n\n\n\n<p>En los \u00faltimos d\u00edas, el esc\u00e1ndalo por la contrataci\u00f3n de supuestas p\u00f3lizas \u201ccon comisiones indebidas\u201d de Naci\u00f3n Seguros provoc\u00f3 que el expresidente&nbsp;<strong>rompiera el pacto de silencio impl\u00edcito que los principales referentes del peronismo hab\u00edan establecido con el gobierno de Milei<\/strong>.<\/p>\n\n\n\n<p>De esta forma, afectado por la destrucci\u00f3n de su principal caballito de batalla, la honestidad de su gesti\u00f3n, sali\u00f3 al cruce v\u00eda Twitter y algunos reportajes tras los lapidarios comentarios de los trolls \u201cmegusteados\u201d por el actual mandatario.<\/p>\n\n\n\n<p>Para eso, adem\u00e1s de desmentir las versiones p\u00fablicamente, levant\u00f3 el tel\u00e9fono y se comunic\u00f3 con Milei, quien -aseguran- lo escuch\u00f3 y acept\u00f3 los argumentos t\u00e9cnicos que ofreci\u00f3 ante cada una de las acciones que lo llevaron a la firma y la instrumentaci\u00f3n el decreto 823\/21.<\/p>\n\n\n\n<p>Al respecto, allegados al expresidente insisten en que se trata de una operaci\u00f3n inicial instalada por el cordob\u00e9s&nbsp;<strong>Guillermo Seita<\/strong>&nbsp;junto al Diario Clar\u00edn para manchar a la gesti\u00f3n libertaria que, como coletazo, arrastr\u00f3 tambi\u00e9n a la anterior administraci\u00f3n.<\/p>\n\n\n\n<p>Mientras tanto, Fern\u00e1ndez cumple con sus obligaciones de expresidente en el exterior, y se recluye en Buenos Aires, desde donde&nbsp;<strong>profundiza sobre la p\u00e9rdida de legitimidad, el miedo, la bronca, y los prejuicios&nbsp;<\/strong>desde la perspectiva expuesta por&nbsp;<strong>Federico Delgado&nbsp;<\/strong>en su libro&nbsp;<em>Politeia<\/em>.&nbsp;Tambi\u00e9n sigue con atenci\u00f3n los movimientos de la nueva gesti\u00f3n, toma nota de la repercusi\u00f3n de sus tuits y se despoja d\u00eda a d\u00eda la solemnidad institucional en sus mensajes.&nbsp;<\/p>\n\n\n\n<p>En paralelo, y de cara al lejano horizonte de las elecciones legislativas de 2025,&nbsp;<strong>el PJ se tensa, discute y se rearma.<\/strong>&nbsp;<strong>\u00bfTendr\u00e1 lugar en la reestructuraci\u00f3n?<\/strong><\/p>\n","protected":false},"excerpt":{"rendered":"<p>Entre Buenos Aires y Madrid, el exmandatario sigue con preocupaci\u00f3n cada paso que adopta la gesti\u00f3n libertaria y apuesta por la reconversi\u00f3n del peronismo. Tras renunciar a sus compromisos formales&hellip; <\/p>\n","protected":false},"author":4,"featured_media":135205,"comment_status":"closed","ping_status":"open","sticky":false,"template":"","format":"standard","meta":{"footnotes":""},"categories":[3],"tags":[],"class_list":["post-135204","post","type-post","status-publish","format-standard","has-post-thumbnail","hentry","category-politica"],"_links":{"self":[{"href":"https:\/\/corrientesdetarde.com\/index.php\/wp-json\/wp\/v2\/posts\/135204","targetHints":{"allow":["GET"]}}],"collection":[{"href":"https:\/\/corrientesdetarde.com\/index.php\/wp-json\/wp\/v2\/posts"}],"about":[{"href":"https:\/\/corrientesdetarde.com\/index.php\/wp-json\/wp\/v2\/types\/post"}],"author":[{"embeddable":true,"href":"https:\/\/corrientesdetarde.com\/index.php\/wp-json\/wp\/v2\/users\/4"}],"replies":[{"embeddable":true,"href":"https:\/\/corrientesdetarde.com\/index.php\/wp-json\/wp\/v2\/comments?post=135204"}],"version-history":[{"count":1,"href":"https:\/\/corrientesdetarde.com\/index.php\/wp-json\/wp\/v2\/posts\/135204\/revisions"}],"predecessor-version":[{"id":135206,"href":"https:\/\/corrientesdetarde.com\/index.php\/wp-json\/wp\/v2\/posts\/135204\/revisions\/135206"}],"wp:featuredmedia":[{"embeddable":true,"href":"https:\/\/corrientesdetarde.com\/index.php\/wp-json\/wp\/v2\/media\/135205"}],"wp:attachment":[{"href":"https:\/\/corrientesdetarde.com\/index.php\/wp-json\/wp\/v2\/media?parent=135204"}],"wp:term":[{"taxonomy":"category","embeddable":true,"href":"https:\/\/corrientesdetarde.com\/index.php\/wp-json\/wp\/v2\/categories?post=135204"},{"taxonomy":"post_tag","embeddable":true,"href":"https:\/\/corrientesdetarde.com\/index.php\/wp-json\/wp\/v2\/tags?post=135204"}],"curies":[{"name":"wp","href":"https:\/\/api.w.org\/{rel}","templated":true}]}}