{"id":135207,"date":"2024-03-24T09:39:53","date_gmt":"2024-03-24T12:39:53","guid":{"rendered":"https:\/\/corrientesdetarde.com\/?p=135207"},"modified":"2024-03-24T09:39:57","modified_gmt":"2024-03-24T12:39:57","slug":"isis-difundio-una-foto-de-los-cuatro-presuntos-responsables-del-atentado-en-moscu","status":"publish","type":"post","link":"https:\/\/corrientesdetarde.com\/index.php\/internacionales\/isis-difundio-una-foto-de-los-cuatro-presuntos-responsables-del-atentado-en-moscu\/","title":{"rendered":"ISIS difundi\u00f3 una foto de los cuatro presuntos responsables del atentado en Mosc\u00fa"},"content":{"rendered":"\n<p>El grupo terrorista se adjudic\u00f3 el tiroteo en el Crocus City Hall que ya dej\u00f3 al menos 143 muertos y m\u00e1s de 150 heridos. Tras acusar a Ucrania, Vladimir Putin prometi\u00f3 que todos los responsables ser\u00e1n \u201ccastigados\u201d.<\/p>\n\n\n\n<p>El grupo terrorista Estado Isl\u00e1mico public\u00f3 en las \u00faltimas horas una imagen de los&nbsp;<strong>cuatro presuntos responsables<\/strong>&nbsp;del<strong>&nbsp;atentado<\/strong>&nbsp;perpetrado este viernes contra una sala de conciertos a las afueras de Mosc\u00fa, donde murieron al menos 143 personas.<\/p>\n\n\n\n<p>La fotograf\u00eda fue difundida por la agencia Amaq, canal propagand\u00edstico del ISIS. All\u00ed figuran cuatro personas con media cara tapada, gorra y los ojos pixelados delante de una gran bandera del Estado Isl\u00e1mico.<\/p>\n\n\n\n<figure class=\"wp-block-image size-full\"><img loading=\"lazy\" decoding=\"async\" width=\"784\" height=\"438\" src=\"https:\/\/corrientesdetarde.com\/wp-content\/uploads\/2024\/03\/image-603.png\" alt=\"\" class=\"wp-image-135212\" srcset=\"https:\/\/corrientesdetarde.com\/wp-content\/uploads\/2024\/03\/image-603.png 784w, https:\/\/corrientesdetarde.com\/wp-content\/uploads\/2024\/03\/image-603-300x168.png 300w, https:\/\/corrientesdetarde.com\/wp-content\/uploads\/2024\/03\/image-603-768x429.png 768w\" sizes=\"auto, (max-width: 784px) 100vw, 784px\" \/><\/figure>\n\n\n\n<p>Seg\u00fan notific\u00f3 Amaq, tres de estos supuestos atacantes \u201ccomenzaron a disparar contra la multitud\u201d en la sala de conciertos Crocus City Hall de la ciudad de Krasnogorsk, mientras que el cuarto inici\u00f3 el fuego a la instalaci\u00f3n con &#8220;bombas incendiarias&#8221; que hab\u00edan sido preparadas de antemano para este prop\u00f3sito\u201d.<\/p>\n\n\n\n<p>Detallaron adem\u00e1s que se emplearon ametralladoras, una pistola, bombas incendiarias, y cuchillos que se utilizaron para \u201cdegollar a varios dentro de la sala y en los pasillos\u201d. La fuente indic\u00f3 que los supuestos yihadistas apuntaron a la cabeza de los asistentes al evento.<\/p>\n\n\n\n<p>Amaq celebr\u00f3 que el atentado resultara en \u201cun n\u00famero infinito de v\u00edctimas\u201d y cifr\u00f3 en 300 el n\u00famero de muertos y heridos.<\/p>\n\n\n\n<p>Seg\u00fan autoridades rusas, las causas de muerte de los asistentes al concierto son por heridas de bala y la asfixia del humo provocado por los atacantes.<\/p>\n\n\n\n<p>El presidente de Rusia, Vladimir Putin, tild\u00f3 de \u201cacto terrorista salvaje\u201d el atentado y anunci\u00f3 que el domingo ser\u00e1 d\u00eda de luto nacional. Afirm\u00f3 que los cuatro atacantes detenidos hab\u00edan intentado huir a Ucrania, y prometi\u00f3 que todos los responsables ser\u00e1n \u201ccastigados\u201d.<\/p>\n","protected":false},"excerpt":{"rendered":"<p>El grupo terrorista se adjudic\u00f3 el tiroteo en el Crocus City Hall que ya dej\u00f3 al menos 143 muertos y m\u00e1s de 150 heridos. Tras acusar a Ucrania, Vladimir Putin&hellip; <\/p>\n","protected":false},"author":4,"featured_media":135213,"comment_status":"closed","ping_status":"open","sticky":false,"template":"","format":"standard","meta":{"footnotes":""},"categories":[11],"tags":[],"class_list":["post-135207","post","type-post","status-publish","format-standard","has-post-thumbnail","hentry","category-internacionales"],"_links":{"self":[{"href":"https:\/\/corrientesdetarde.com\/index.php\/wp-json\/wp\/v2\/posts\/135207","targetHints":{"allow":["GET"]}}],"collection":[{"href":"https:\/\/corrientesdetarde.com\/index.php\/wp-json\/wp\/v2\/posts"}],"about":[{"href":"https:\/\/corrientesdetarde.com\/index.php\/wp-json\/wp\/v2\/types\/post"}],"author":[{"embeddable":true,"href":"https:\/\/corrientesdetarde.com\/index.php\/wp-json\/wp\/v2\/users\/4"}],"replies":[{"embeddable":true,"href":"https:\/\/corrientesdetarde.com\/index.php\/wp-json\/wp\/v2\/comments?post=135207"}],"version-history":[{"count":1,"href":"https:\/\/corrientesdetarde.com\/index.php\/wp-json\/wp\/v2\/posts\/135207\/revisions"}],"predecessor-version":[{"id":135214,"href":"https:\/\/corrientesdetarde.com\/index.php\/wp-json\/wp\/v2\/posts\/135207\/revisions\/135214"}],"wp:featuredmedia":[{"embeddable":true,"href":"https:\/\/corrientesdetarde.com\/index.php\/wp-json\/wp\/v2\/media\/135213"}],"wp:attachment":[{"href":"https:\/\/corrientesdetarde.com\/index.php\/wp-json\/wp\/v2\/media?parent=135207"}],"wp:term":[{"taxonomy":"category","embeddable":true,"href":"https:\/\/corrientesdetarde.com\/index.php\/wp-json\/wp\/v2\/categories?post=135207"},{"taxonomy":"post_tag","embeddable":true,"href":"https:\/\/corrientesdetarde.com\/index.php\/wp-json\/wp\/v2\/tags?post=135207"}],"curies":[{"name":"wp","href":"https:\/\/api.w.org\/{rel}","templated":true}]}}