{"id":135348,"date":"2024-03-24T22:56:19","date_gmt":"2024-03-25T01:56:19","guid":{"rendered":"https:\/\/corrientesdetarde.com\/?p=135348"},"modified":"2024-03-24T22:56:31","modified_gmt":"2024-03-25T01:56:31","slug":"el-ministro-de-economia-dijo-que-la-inflacion-ya-esta-corriendo-a-niveles-de-un-digito-mensual","status":"publish","type":"post","link":"https:\/\/corrientesdetarde.com\/index.php\/economia\/el-ministro-de-economia-dijo-que-la-inflacion-ya-esta-corriendo-a-niveles-de-un-digito-mensual\/","title":{"rendered":"El Ministro de Econom\u00eda dijo que \u201cLa inflaci\u00f3n ya est\u00e1 corriendo a niveles de un d\u00edgito mensual\u201d."},"content":{"rendered":"\n<h2 class=\"wp-block-heading\">En una entrevista televisiva, el funcionario dice que eso ya sucedi\u00f3, aunque el \u00edndice no lo registr\u00f3. Tambi\u00e9n defendi\u00f3 el aumento por decreto de las jubilaciones, dijo ser m\u00e1s optimista sobre la restituci\u00f3n de Ganancias y fue fuertemente cr\u00edtico del estado y la corrupci\u00f3n en el sector p\u00fablico.<\/h2>\n\n\n\n<p>El ministro de Econom\u00eda,\u00a0<strong>Luis Caputo,\u00a0<\/strong>dijo que la inflaci\u00f3n minorista \u201cya est\u00e1 corriendo a niveles de un d\u00edgito\u201d mensual. Ya sucedi\u00f3, dijo, en una entrevista televisiva por LN +, en la que se refiri\u00f3 a muchos temas, desde el aumento de las jubilaciones que el gobierno har\u00e1 por decreto, hasta la reforma del impuesto a las Ganancias con una mayor predisposici\u00f3n a favor de los gobernadores.<\/p>\n\n\n\n<p>El funcionario dijo que se llegar\u00e1 a un d\u00edgito de inflaci\u00f3n mensual m\u00e1s r\u00e1pido de lo que antes pensaba. \u201cTengo expectativas. Para m\u00ed de hecho ya sucedi\u00f3, pero el \u00edndice no lo refleja. Hoy la inflaci\u00f3n ya est\u00e1 corriendo a niveles de un d\u00edgito. La inflaci\u00f3n en general. En alimentos en particular los precios se plancharon en la tercera semana de marzo. Y soy optimista porque la mayor\u00eda de los precios relativos ya los hemos corregido. Estamos bajando la inercia inflacionaria y controlando much\u00edsimo la emisi\u00f3n. Hay mucho menos pesos y esto se va a reflejar en el \u00edndice.<\/p>\n\n\n\n<p>Sin llegar a suscribir el llamado de\u00a0<strong>Jos\u00e9 Luis Espert<\/strong>\u00a0a una \u201crebeli\u00f3n fiscal\u201d contra el aumento de impuestos del gobernador bonaerense, Axel Kicillof, Caputo dijo que Kicillof est\u00e1 haciendo \u201clo que siempre hizo: gastar y aumentar los impuestos. Me preocupa por Buenos Aires, pero tengo que tener respecto porque la gente lo vot\u00f3, aunque nosotros pensando que est\u00e1 haciendo pol\u00edticas p\u00e9simas\u201d. Del aumento de impuestos que decidi\u00f3 el gobernador bonaerense\u00a0 dijo que \u201cen alg\u00fan punto se vuelve confiscatorio; lo que uno cobra tiene que tener l\u00f3gica\u201d.<\/p>\n\n\n\n<p>En cuanto a su reciente promesa de bajar los impuestos, dijo que antes debe darse la siguiente secuencia: \u201cestabilizar la econom\u00eda, bajar la inflaci\u00f3n, recomponer el balance del BCRA y sacar el cepo y estabilizada la econom\u00eda, empezar a crecer, desregulando, para tener un crecimiento m\u00e1s sano y sostenible en el tiempo, con mayor empleo y mejores salarios\u201d.<\/p>\n\n\n\n<p><img loading=\"lazy\" decoding=\"async\" alt=\"Axel Kicillof y Ver\u00f3nica Magario. El gobernador y su vice encabezaron una conferencia de prensa en la que anunciaron una presentaci\u00f3n ante la Corte Suprema para reclamar por los fondos que retuvo el gobierno del presidente Javier Milei\" height=\"1353\" width=\"2405\" class=\"\" src=\"https:\/\/www.infobae.com\/new-resizer\/gHSL8_KQ8u6MoYod7YfP2DLl8qI=\/420x236\/filters:format(webp):quality(85)\/cloudfront-us-east-1.images.arcpublishing.com\/infobae\/6K3FJ62K3REO3IRUQOGBLYPHPU.jpg%20420w\" srcset=\"https:\/\/www.infobae.com\/new-resizer\/gHSL8_KQ8u6MoYod7YfP2DLl8qI=\/420x236\/filters:format(webp):quality(85)\/cloudfront-us-east-1.images.arcpublishing.com\/infobae\/6K3FJ62K3REO3IRUQOGBLYPHPU.jpg 420w,https:\/\/www.infobae.com\/new-resizer\/xTtQ3p55ZrPFDPMJtWm2BbzzZw8=\/768x432\/filters:format(webp):quality(85)\/cloudfront-us-east-1.images.arcpublishing.com\/infobae\/6K3FJ62K3REO3IRUQOGBLYPHPU.jpg 768w,https:\/\/www.infobae.com\/new-resizer\/-uIi1Q4Pr9ArqRSFGTY2NIbMjZQ=\/992x558\/filters:format(webp):quality(85)\/cloudfront-us-east-1.images.arcpublishing.com\/infobae\/6K3FJ62K3REO3IRUQOGBLYPHPU.jpg 992w,https:\/\/www.infobae.com\/new-resizer\/g3B3v4ZGOAv_bNO-C7HEITgywbI=\/1200x675\/filters:format(webp):quality(85)\/cloudfront-us-east-1.images.arcpublishing.com\/infobae\/6K3FJ62K3REO3IRUQOGBLYPHPU.jpg 1200w,https:\/\/www.infobae.com\/new-resizer\/AzFyUBe0ti0yj6B-M0mF3zzF_rE=\/1440x810\/filters:format(webp):quality(85)\/cloudfront-us-east-1.images.arcpublishing.com\/infobae\/6K3FJ62K3REO3IRUQOGBLYPHPU.jpg 1440w\">Axel Kicillof y Ver\u00f3nica Magario. El gobernador y su vice encabezaron una conferencia de prensa en la que anunciaron una presentaci\u00f3n ante la Corte Suprema para reclamar por los fondos que retuvo el gobierno del presidente Javier Milei<\/p>\n\n\n\n<p>Caputo reiter\u00f3 que los precios de la econom\u00eda est\u00e1n desfasados, porque se fijaron en funci\u00f3n de escenarios econ\u00f3micos que no se verificaron, que inclu\u00edan un d\u00f3lar a $2.000. Defendi\u00f3 la decisi\u00f3n de abrir la importaci\u00f3n de productos de la canasta b\u00e1sica, para presionar a los productores locales con mayor competencia externa, a diferencia de lo que hac\u00eda el kirchnerismo interviniendo el Indec y con programas como Precios Cuidados<\/p>\n\n\n\n<p>Al desechar una inmediata salida del cepo, explic\u00f3 que el se trata de hacer la unificaci\u00f3n cambiaria \u201csin riesgos, para lo que antes necesita sanear el balance del Banco Central o con aporte de fondos externos\u201d.<\/p>\n\n\n\n<p>Se\u00f1al\u00f3 tambi\u00e9n que las negociaciones con el FMI est\u00e1n en una etapa inicial.<\/p>\n\n\n\n<p>Consultado sobre si la movilidad previsional que por decreto se apresta a sancionar el gobierno no es una \u201clicuaci\u00f3n\u201d de los ingresos de los jubilados, respondi\u00f3: \u201cLo primero a decir a decir que la verdadera licuaci\u00f3n vino con las moratorias. La base de trabajadores es la misma desde 2011. Antes con sus aportes soportaban dos millones de jubilados. Ahora son seis millones, porque el kirchnerismo meti\u00f3 cuatro millones sin aportes. Las cuentas no dan. La segunda licuaci\u00f3n es la f\u00f3rmula, que denunciamos desde el d\u00eda uno. Al aumento del 30% que dimos el mes pasado ahora damos el 13,2% de febrero, m\u00e1s 12,5% de recomposici\u00f3n, m\u00e1s el bono. Ahora la m\u00ednima ser\u00e1 de $ 172.000 m\u00e1s el bono, un 64% de recomposici\u00f3n\u201d, dato que compar\u00f3 con el 20,2% de inflaci\u00f3n de enero y 13,2% de febrero. \u201cNosotros les estamos dando (a los jubilados) el 64%. Lo sacamos por DNU y a partir de ahora se ajusta mensualmente. El pr\u00f3ximo ajuste (por la ley anterior) era en junio.<\/p>\n\n\n\n<p>Sobre si el gobierno puede mantener su pol\u00edtica sin ley \u00f3mnibus y reforma del Estado, esto es, sin el apoyo del Congreso, Caputo se\u00f1al\u00f3: \u201cS\u00ed por supuesto. Pero no es lo que queremos. No nos vamos a desviar del curso. El presidente no se desv\u00eda ni 10 cent\u00edmetros. No nos vamos a desviar. Lo ideal es ir hacia donde vamos con el apoyo del Congreso. Pero lo segundo mejor no es transar, ceder con los que piden aumentar el gasto y financiarlos con deuda o emisi\u00f3n. La alternativa es seguir por donde vamos, con el apoyo de la gente\u201d.<\/p>\n\n\n\n<p><img loading=\"lazy\" decoding=\"async\" alt=\"Empleados de un supermercado organizan productos en los estantes, hoy, en Buenos Aires (Argentina). EFE\/ Juan Ignacio Roncoroni\/Archivo\n\" height=\"2271\" width=\"3406\" class=\"\" src=\"https:\/\/www.infobae.com\/new-resizer\/KF0121pRdxsaAHZekUfZwT22wj0=\/420x280\/filters:format(webp):quality(85)\/cloudfront-us-east-1.images.arcpublishing.com\/infobae\/IOMP22KTWFHK7KCZWI3PS4AODI.jpg%20420w\" srcset=\"https:\/\/www.infobae.com\/new-resizer\/KF0121pRdxsaAHZekUfZwT22wj0=\/420x280\/filters:format(webp):quality(85)\/cloudfront-us-east-1.images.arcpublishing.com\/infobae\/IOMP22KTWFHK7KCZWI3PS4AODI.jpg 420w,https:\/\/www.infobae.com\/new-resizer\/yUYVmrteR7IPsc1_UL43iQKm1kc=\/768x512\/filters:format(webp):quality(85)\/cloudfront-us-east-1.images.arcpublishing.com\/infobae\/IOMP22KTWFHK7KCZWI3PS4AODI.jpg 768w,https:\/\/www.infobae.com\/new-resizer\/ui5ruv6dCIMXZQa4NADZxgHRlNQ=\/992x661\/filters:format(webp):quality(85)\/cloudfront-us-east-1.images.arcpublishing.com\/infobae\/IOMP22KTWFHK7KCZWI3PS4AODI.jpg 992w,https:\/\/www.infobae.com\/new-resizer\/C1Har-2bpP8SqJI4paKsnefjrj0=\/1200x800\/filters:format(webp):quality(85)\/cloudfront-us-east-1.images.arcpublishing.com\/infobae\/IOMP22KTWFHK7KCZWI3PS4AODI.jpg 1200w,https:\/\/www.infobae.com\/new-resizer\/A0YWULB_Pit55lLqJQJE4jNjTLs=\/1440x960\/filters:format(webp):quality(85)\/cloudfront-us-east-1.images.arcpublishing.com\/infobae\/IOMP22KTWFHK7KCZWI3PS4AODI.jpg 1440w\">Empleados de un supermercado organizan productos en los estantes, hoy, en Buenos Aires (Argentina). EFE\/ Juan Ignacio Roncoroni\/Archivo<\/p>\n\n\n\n<p>Adem\u00e1s, fue optimista sobre la restituci\u00f3n del impuesto a las Ganancias. \u201cVeo m\u00e1s predisposici\u00f3n de los gobernadores a acompa\u00f1ar, porque ven que si no acompa\u00f1an se quedan afuera. Ayer me junt\u00e9 con S\u00e1enz (Gustavo, gobernador de Salta) y hace una semana con Rolo Figueroa (Rolando, gobernador de Neuqu\u00e9n). Nosotros probamos que aun sin la ley vamos a ordenar las cuentas p\u00fablicas igualmente. Ese es nuestro poder de negociaci\u00f3n, porque sumado al apoyo de la gente les dice \u201cmuchachos acompa\u00f1emos\u201d. Por eso veo mejor predisposici\u00f3n<\/p>\n\n\n\n<p>En cuanto al di\u00e1logo con supermercados y formadores de precios, dijo: \u201ccomo ministro me ocupo y preocupo de los precios. Hay una diferencia con (Guillermo) Moreno (el exsecretario de Comercio) en c\u00f3mo queremos resolver (la inflaci\u00f3n). Si veo precios fuera de lo que deba, ser me preocupo. Pero no voy a intervenir el Indec ni poner precios cuidados. Nosotros lo que hacemos es competir. Ellos mismos (por los empresarios) reconocen que fijaron precios teniendo en cuenta una realidad peor, con el d\u00f3lar a 2.000. Y hoy no los corrijen, usan promociones y el 2&#215;1, que las estad\u00edsticas no toman. Ahora lo est\u00e1n cambiando. Y abrimos m\u00e1s las importaciones de la canasta b\u00e1sica, para que sientan la presi\u00f3n de la competencia, que van a venir productos importados a reemplazarlos. Otros nos dicen por qu\u00e9 no lo hacemos con otros rubros. Es porque no tenemos los d\u00f3lares. Porque heredamos un Banco Central con 11.500 millones negativos en las reservas. Ya le ped\u00ed al secretario de Comercio, Pablo Lavigne, que estudie otros sectores con precios alejados de la realidad. Hacer competir es parte de la batalla cultural\u201d.<\/p>\n\n\n\n<p>Caputo consider\u00f3 \u201cnatural\u201d la ca\u00edda del consumo. \u201cEs natural. Ya ven\u00edamos en recesi\u00f3n en el cuarto trimestre de 2023, que fue muy recesivo. Tomamos medidas de sinceramiento de precios que el gobierno anterior ten\u00eda pisados, tipo de cambio, alimentos, prepagas, energ\u00eda. En la primera semana de diciembre hubo una inflaci\u00f3n diaria de 1,5% que anualizado da 7.000 por ciento. Hoy los precios est\u00e1n desfasados, as\u00ed que est\u00e1 bien que los consumidores no los convaliden. La reacci\u00f3n l\u00f3gica ser\u00eda bajarlos. Los fijaron bajo un escenario que no se materializ\u00f3.<\/p>\n\n\n\n<p>Dijo adem\u00e1s que la pol\u00edtica econ\u00f3mica actual es \u201ctotalmente\u201d sustentable. Si hac\u00e9s los deberes en econom\u00eda te va bien. No es casualidad.<\/p>\n\n\n\n<p>Ante la insistencia del entrevistador sobre la salida del cepo, explic\u00f3: \u201cno decimos que no se puede salir. Decimos que queremos salir sin riesgo, sobre seguro. Se puede hacer saneando el balance del BCRA mediante un acuerdo para que ingresen fondos para capitalizarlo, lo que ser\u00eda un atajo\u201d. Y de la negociaci\u00f3n con el FMI observ\u00f3 \u201creci\u00e9n empezamos y es dif\u00edcil decir si habr\u00e1 acuerdo o no. Estamos explicando nuestro esquema fiscal, monetario y cambiario. Si el Fondo no est\u00e1 de acuerdo explorar\u00edamos otros caminos\u201d.<\/p>\n\n\n\n<p>Sobre su estilo m\u00e1s llano e incluso agresivo para responder a los cr\u00edticos del gobierno, el ministro respondi\u00f3: \u201cNo dir\u00eda que es una metamorfosis. Es que est\u00e1 bueno no comerse todo. Te instalan cosas. Es un estilo, el nuestro en general, que es sano\u201d.<\/p>\n\n\n\n<p>Reiter\u00f3 adem\u00e1s que si hoy hubiera elecciones Milei ganar\u00eda en primera vuelta.<\/p>\n\n\n\n<p>\u201cEl apoyo de la calle es impresionante. Todo el mundo se dio cuenta de que el otro modelo era una farsa. No compra m\u00e1s espejitos de colores. Entienden m\u00e1s el problema y que lo que est\u00e1n haciendo tiene un sentido\u201d.<\/p>\n\n\n\n<p>Adem\u00e1s, Caputo fue muy duro sobre la realidad del&nbsp; sector p\u00fablico, en cuanto a tama\u00f1o y niveles de corrupci\u00f3n. \u201cNo quiero ser dram\u00e1tico, pero realmente hay que achicar el sector p\u00fablico. Hay mucha gente que est\u00e1 por vocaci\u00f3n de servicio y otros por negocios. Est\u00e1 lleno de negocios por todos lados. No es solo que se hacen cosas y se genera un retorno por eso, sino que se hacen cosas para tener retorno\u201d, concluy\u00f3.<\/p>\n\n\n\n<p>Critic\u00f3 fuertemente la existencia de los fondos fiduciarios y que los empleados p\u00fablicos tengan mucho m\u00e1s estabilidad que los del sector privado.<\/p>\n\n\n\n<p><em>Fuente: Infobae.<\/em><\/p>\n","protected":false},"excerpt":{"rendered":"<p>En una entrevista televisiva, el funcionario dice que eso ya sucedi\u00f3, aunque el \u00edndice no lo registr\u00f3. Tambi\u00e9n defendi\u00f3 el aumento por decreto de las jubilaciones, dijo ser m\u00e1s optimista&hellip; <\/p>\n","protected":false},"author":6,"featured_media":135353,"comment_status":"closed","ping_status":"open","sticky":false,"template":"","format":"standard","meta":{"footnotes":""},"categories":[20],"tags":[],"class_list":["post-135348","post","type-post","status-publish","format-standard","has-post-thumbnail","hentry","category-economia"],"_links":{"self":[{"href":"https:\/\/corrientesdetarde.com\/index.php\/wp-json\/wp\/v2\/posts\/135348","targetHints":{"allow":["GET"]}}],"collection":[{"href":"https:\/\/corrientesdetarde.com\/index.php\/wp-json\/wp\/v2\/posts"}],"about":[{"href":"https:\/\/corrientesdetarde.com\/index.php\/wp-json\/wp\/v2\/types\/post"}],"author":[{"embeddable":true,"href":"https:\/\/corrientesdetarde.com\/index.php\/wp-json\/wp\/v2\/users\/6"}],"replies":[{"embeddable":true,"href":"https:\/\/corrientesdetarde.com\/index.php\/wp-json\/wp\/v2\/comments?post=135348"}],"version-history":[{"count":1,"href":"https:\/\/corrientesdetarde.com\/index.php\/wp-json\/wp\/v2\/posts\/135348\/revisions"}],"predecessor-version":[{"id":135358,"href":"https:\/\/corrientesdetarde.com\/index.php\/wp-json\/wp\/v2\/posts\/135348\/revisions\/135358"}],"wp:featuredmedia":[{"embeddable":true,"href":"https:\/\/corrientesdetarde.com\/index.php\/wp-json\/wp\/v2\/media\/135353"}],"wp:attachment":[{"href":"https:\/\/corrientesdetarde.com\/index.php\/wp-json\/wp\/v2\/media?parent=135348"}],"wp:term":[{"taxonomy":"category","embeddable":true,"href":"https:\/\/corrientesdetarde.com\/index.php\/wp-json\/wp\/v2\/categories?post=135348"},{"taxonomy":"post_tag","embeddable":true,"href":"https:\/\/corrientesdetarde.com\/index.php\/wp-json\/wp\/v2\/tags?post=135348"}],"curies":[{"name":"wp","href":"https:\/\/api.w.org\/{rel}","templated":true}]}}