{"id":135354,"date":"2024-03-24T23:32:20","date_gmt":"2024-03-25T02:32:20","guid":{"rendered":"https:\/\/corrientesdetarde.com\/?p=135354"},"modified":"2024-03-24T23:32:24","modified_gmt":"2024-03-25T02:32:24","slug":"regatas-fue-derrotado-por-penarol","status":"publish","type":"post","link":"https:\/\/corrientesdetarde.com\/index.php\/deportes\/regatas-fue-derrotado-por-penarol\/","title":{"rendered":"Regatas fue derrotado por Pe\u00f1arol."},"content":{"rendered":"\n<h2 class=\"wp-block-heading\">Perdi\u00f3 como visitante en Mar del Plata y registr\u00f3 su racha negativa m\u00e1s extensa de la temporada. Pe\u00f1arol lo cerr\u00f3 mejor y se llev\u00f3 el partido por 88-76. Los dirigidos por Fernando Calvi cerraron la gira sin poder revertir el momento.<\/h2>\n\n\n\n<p>Regatas no pudo revertir su presente negativo en este momento de la fase regular de la Liga Nacional de B\u00e1squetbol. Perdi\u00f3 en Mar del Plata ante Pe\u00f1arol por 88-76 y sum\u00f3 as\u00ed su cuarta derrota en fila, que ahora lo pone con un r\u00e9cord de 12-15.<\/p>\n\n\n\n<p>Federico El\u00edas su el m\u00e1ximo anotador en Regatas con 20 puntos, acompa\u00f1ado por Charles Thomas con 16, aunque no fueron suficientes.<\/p>\n\n\n\n<p>La victoria marplatense se sostuvo por los trabajos de V\u00edctor Fern\u00e1ndez con 21 puntos (5-11 en triples) y Joaqu\u00edn Valinotti con 19 (5 de 10 de tiros de tres).\u00a0<\/p>\n\n\n\n<p>Los dirigidos por Fernando Calvi cerraron la agenda de marzo con esta gira (que se hab\u00eda iniciado con una derrota en Jun\u00edn el viernes), por lo que sus pr\u00f3ximos compromisos ser\u00e1n como locales, el lunes 1 de abril recibiendo a Quimsa y el jueves 4 ante La Uni\u00f3n de Formosa.<\/p>\n\n\n\n<p>El cruce entre Regatas y Pe\u00f1arol es uno de los m\u00e1s importantes de los \u00faltimos a\u00f1os en la categor\u00eda de elite, y ahora el historial de enfrentamientos tiene 58 juegos con 34 triunfos para los marplatenses y 24 para los correntinos. Ya se hab\u00edan enfrentado en esta temporada, fue en Corrientes y con victoria visitante por 87-80.<\/p>\n\n\n\n<p><em>Fuente: Diario \u00c9poca.<\/em><\/p>\n","protected":false},"excerpt":{"rendered":"<p>Perdi\u00f3 como visitante en Mar del Plata y registr\u00f3 su racha negativa m\u00e1s extensa de la temporada. Pe\u00f1arol lo cerr\u00f3 mejor y se llev\u00f3 el partido por 88-76. Los dirigidos&hellip; <\/p>\n","protected":false},"author":6,"featured_media":135359,"comment_status":"closed","ping_status":"open","sticky":false,"template":"","format":"standard","meta":{"footnotes":""},"categories":[4],"tags":[],"class_list":["post-135354","post","type-post","status-publish","format-standard","has-post-thumbnail","hentry","category-deportes"],"_links":{"self":[{"href":"https:\/\/corrientesdetarde.com\/index.php\/wp-json\/wp\/v2\/posts\/135354","targetHints":{"allow":["GET"]}}],"collection":[{"href":"https:\/\/corrientesdetarde.com\/index.php\/wp-json\/wp\/v2\/posts"}],"about":[{"href":"https:\/\/corrientesdetarde.com\/index.php\/wp-json\/wp\/v2\/types\/post"}],"author":[{"embeddable":true,"href":"https:\/\/corrientesdetarde.com\/index.php\/wp-json\/wp\/v2\/users\/6"}],"replies":[{"embeddable":true,"href":"https:\/\/corrientesdetarde.com\/index.php\/wp-json\/wp\/v2\/comments?post=135354"}],"version-history":[{"count":1,"href":"https:\/\/corrientesdetarde.com\/index.php\/wp-json\/wp\/v2\/posts\/135354\/revisions"}],"predecessor-version":[{"id":135360,"href":"https:\/\/corrientesdetarde.com\/index.php\/wp-json\/wp\/v2\/posts\/135354\/revisions\/135360"}],"wp:featuredmedia":[{"embeddable":true,"href":"https:\/\/corrientesdetarde.com\/index.php\/wp-json\/wp\/v2\/media\/135359"}],"wp:attachment":[{"href":"https:\/\/corrientesdetarde.com\/index.php\/wp-json\/wp\/v2\/media?parent=135354"}],"wp:term":[{"taxonomy":"category","embeddable":true,"href":"https:\/\/corrientesdetarde.com\/index.php\/wp-json\/wp\/v2\/categories?post=135354"},{"taxonomy":"post_tag","embeddable":true,"href":"https:\/\/corrientesdetarde.com\/index.php\/wp-json\/wp\/v2\/tags?post=135354"}],"curies":[{"name":"wp","href":"https:\/\/api.w.org\/{rel}","templated":true}]}}