{"id":135355,"date":"2024-03-24T23:35:08","date_gmt":"2024-03-25T02:35:08","guid":{"rendered":"https:\/\/corrientesdetarde.com\/?p=135355"},"modified":"2024-03-24T23:35:11","modified_gmt":"2024-03-25T02:35:11","slug":"dengue-en-argentina-ya-son-106-los-muertos-y-son-mas-de-150-000-casos","status":"publish","type":"post","link":"https:\/\/corrientesdetarde.com\/index.php\/informacion-general\/dengue-en-argentina-ya-son-106-los-muertos-y-son-mas-de-150-000-casos\/","title":{"rendered":"Dengue en Argentina: ya son 106 los muertos y son m\u00e1s de 150.000 casos."},"content":{"rendered":"\n<h2 class=\"wp-block-heading\">Los datos surgen del Bolet\u00edn Epidemiol\u00f3gico del Ministerio de Salud. Cuando a\u00fan restan varias semanas de medici\u00f3n, se super\u00f3 el umbral de 130 mil casos de la temporada 2022\/2023.<\/h2>\n\n\n\n<p>El&nbsp;Ministerio de Salud de la Naci\u00f3n&nbsp;actualiz\u00f3 los datos sobre la incidencia del&nbsp;dengue,&nbsp;la&nbsp;enfermedad viral transmitida por el mosquito&nbsp;Aedes aegypti,&nbsp;en&nbsp;Argentina.<\/p>\n\n\n\n<p>\u201cEn lo que va de la temporada 2023\/2024, de la semana 31 de 2023\u00a0-fines de julio y comienzos de agosto-\u00a0hasta la semana 11 de 2024 -mediados de marzo-\u00a0<strong>se registraron\u00a0151.310 casos de dengue, de los cuales 134.202 se registraron desde la semana 1 a la semana 11 de 2024). 91% aut\u00f3ctonos, 6% en investigaci\u00f3n y 3% importados<\/strong>\u201d, indicaron en el\u00a0Bolet\u00edn Epidemiol\u00f3gico Nacional.<\/p>\n\n\n\n<p>Y agregaron: \u201c<strong>La incidencia acumulada hasta el momento para el total pa\u00eds es de 321 casos cada cien mil habitantes<\/strong>. En el mismo per\u00edodo 325 casos fueron clasificados como dengue grave (0,21%) y se registraron&nbsp;106 casos fallecidos&nbsp;(letalidad 0,07%)\u201d<\/p>\n\n\n\n<p>La&nbsp;vigilancia del dengue&nbsp;se realiza de manera&nbsp;estacional,&nbsp;abarcando desde la semana epidemiol\u00f3gica 31 de un a\u00f1o hasta la semana 30 del siguiente, coincidiendo con el pico de actividad del virus, que suele darse durante los meses de verano. Si bien a\u00fan restan varias semanas para concluir la medici\u00f3n de este a\u00f1o,&nbsp;<strong>ya&nbsp;se super\u00f3 el umbral de casos r\u00e9cord registrado en la temporada anterior, que era de poco m\u00e1s de&nbsp;130 mil.<\/strong><\/p>\n\n\n\n<figure class=\"wp-block-image\"><a href=\"https:\/\/www.radiosudamericana.com\/notix\/multimedia\/imagenes\/fotos\/2024-03-24\/905959.png\"><img decoding=\"async\" src=\"https:\/\/www.radiosudamericana.com\/notix\/multimedia\/imagenes\/fotos\/2024-03-24\/905959.png_nota.png\" alt=\"\"\/><\/a><\/figure>\n\n\n\n<p>\u201cEn cuanto al comportamiento temporal, se destaca la persistencia de casos durante todo el per\u00edodo analizado y el adelantamiento del aumento estacional a partir de la semana 40 (principios de octubre de 2023), con una aceleraci\u00f3n desde la semana 50 (mediados de diciembre) y una a\u00fan mayor desde la semana 6 (principios de febrero de 2024) y hasta la actualidad\u201d,&nbsp;informaron&nbsp;desde la cartera de Salud.<\/p>\n\n\n\n<p>En segundo t\u00e9rmino, en el informe remarcaron que, en la actualidad, \u201c<strong>19 jurisdicciones en las 5 regiones del pa\u00eds registran circulaci\u00f3n viral aut\u00f3ctona de dengue (todas las de las regiones NOA, NEA, Cuyo y Centro, y la provincia de La Pampa en la regi\u00f3n Sur)<\/strong>\u201d.<\/p>\n\n\n\n<figure class=\"wp-block-image\"><a href=\"https:\/\/www.radiosudamericana.com\/notix\/multimedia\/imagenes\/fotos\/2024-03-24\/686904.png\"><img decoding=\"async\" src=\"https:\/\/www.radiosudamericana.com\/notix\/multimedia\/imagenes\/fotos\/2024-03-24\/686904.png_nota.png\" alt=\"\"\/><\/a><\/figure>\n\n\n\n<p>Al tiempo que advirtieron: \u201cEn comparaci\u00f3n con otros a\u00f1os epid\u00e9micos, la actual temporada se caracteriza por ser la de\u00a0mayor magnitud,\u00a0de\u00a0comienzo m\u00e1s temprano\u00a0y, como se mencion\u00f3 m\u00e1s arriba, por la persistencia de casos durante todas las semanas hasta el momento.\u00a0<strong>El mayor n\u00famero de casos se registr\u00f3 hasta el momento en la semana 10 de 24 (del 3 al 9 de marzo) con 23.723, lo que representa el\u00a0m\u00e1ximo hist\u00f3rico\u00a0hasta la fecha de casos registrados en una semana<\/strong>\u201d.<\/p>\n\n\n\n<p>\u201cEn cuanto al&nbsp;an\u00e1lisis por regi\u00f3n&nbsp;en esta temporada y hasta la semana 11 puede observarse que el mayor n\u00famero de casos es aportado por la&nbsp;regi\u00f3n del Centro&nbsp;seguida por la regi\u00f3n del NEA (nordeste) mientras que&nbsp;<strong>las tasas m\u00e1s elevadas las presenta la regi\u00f3n NEA seguidas por NOA (noroeste) y Centro<\/strong>. Las regiones Cuyo y Sur son las que presentan el menor n\u00famero de casos y las incidencias acumuladas m\u00e1s bajas\u201d, postularon en el Bolet\u00edn Epidemiol\u00f3gico.<\/p>\n\n\n\n<figure class=\"wp-block-image\"><a href=\"https:\/\/www.radiosudamericana.com\/notix\/multimedia\/imagenes\/fotos\/2024-03-24\/355601.png\"><img decoding=\"async\" src=\"https:\/\/www.radiosudamericana.com\/notix\/multimedia\/imagenes\/fotos\/2024-03-24\/355601.png_nota.png\" alt=\"\"\/><\/a><\/figure>\n\n\n\n<p>De acuerdo al Ministerio de Salud, \u201cen la presente temporada se han identificado&nbsp;hasta el momento 3 serotipos&nbsp;circulando en el pa\u00eds: DEN-1, DEN-2 y DEN-3, con predominio de DEN-2 seguido de DEN-1\u2033.<\/p>\n\n\n\n<p><em>Fuente: Infobae.<\/em><\/p>\n","protected":false},"excerpt":{"rendered":"<p>Los datos surgen del Bolet\u00edn Epidemiol\u00f3gico del Ministerio de Salud. Cuando a\u00fan restan varias semanas de medici\u00f3n, se super\u00f3 el umbral de 130 mil casos de la temporada 2022\/2023. El&nbsp;Ministerio&hellip; <\/p>\n","protected":false},"author":6,"featured_media":135361,"comment_status":"closed","ping_status":"open","sticky":false,"template":"","format":"standard","meta":{"footnotes":""},"categories":[1],"tags":[],"class_list":["post-135355","post","type-post","status-publish","format-standard","has-post-thumbnail","hentry","category-informacion-general"],"_links":{"self":[{"href":"https:\/\/corrientesdetarde.com\/index.php\/wp-json\/wp\/v2\/posts\/135355","targetHints":{"allow":["GET"]}}],"collection":[{"href":"https:\/\/corrientesdetarde.com\/index.php\/wp-json\/wp\/v2\/posts"}],"about":[{"href":"https:\/\/corrientesdetarde.com\/index.php\/wp-json\/wp\/v2\/types\/post"}],"author":[{"embeddable":true,"href":"https:\/\/corrientesdetarde.com\/index.php\/wp-json\/wp\/v2\/users\/6"}],"replies":[{"embeddable":true,"href":"https:\/\/corrientesdetarde.com\/index.php\/wp-json\/wp\/v2\/comments?post=135355"}],"version-history":[{"count":1,"href":"https:\/\/corrientesdetarde.com\/index.php\/wp-json\/wp\/v2\/posts\/135355\/revisions"}],"predecessor-version":[{"id":135362,"href":"https:\/\/corrientesdetarde.com\/index.php\/wp-json\/wp\/v2\/posts\/135355\/revisions\/135362"}],"wp:featuredmedia":[{"embeddable":true,"href":"https:\/\/corrientesdetarde.com\/index.php\/wp-json\/wp\/v2\/media\/135361"}],"wp:attachment":[{"href":"https:\/\/corrientesdetarde.com\/index.php\/wp-json\/wp\/v2\/media?parent=135355"}],"wp:term":[{"taxonomy":"category","embeddable":true,"href":"https:\/\/corrientesdetarde.com\/index.php\/wp-json\/wp\/v2\/categories?post=135355"},{"taxonomy":"post_tag","embeddable":true,"href":"https:\/\/corrientesdetarde.com\/index.php\/wp-json\/wp\/v2\/tags?post=135355"}],"curies":[{"name":"wp","href":"https:\/\/api.w.org\/{rel}","templated":true}]}}