{"id":135370,"date":"2024-03-25T08:39:08","date_gmt":"2024-03-25T11:39:08","guid":{"rendered":"https:\/\/corrientesdetarde.com\/?p=135370"},"modified":"2024-03-25T08:39:20","modified_gmt":"2024-03-25T11:39:20","slug":"el-correntino-lautaro-midon-logro-su-segunda-corona-profesional","status":"publish","type":"post","link":"https:\/\/corrientesdetarde.com\/index.php\/deportes\/el-correntino-lautaro-midon-logro-su-segunda-corona-profesional\/","title":{"rendered":"El correntino Lautaro Mid\u00f3n logr\u00f3 su segunda corona profesional"},"content":{"rendered":"\n<p>En su primera final de la temporada, Lautaro Mid\u00f3n gan\u00f3 ayer su segundo t\u00edtulo profesional nivel ITF al ser el campe\u00f3n de singles en el torneo M15 de Punta del Este. Luego de arribar a la definici\u00f3n sin ceder sets, el correntino de 19 a\u00f1os logr\u00f3 completar la semana a lo grande para quedarse con la Copa Geely IV.<\/p>\n\n\n\n<p>En la final, el juvenil litorale\u00f1o (571 del ranking mundial) bati\u00f3 a su compatriota Ezequiel Simonit (1639).<\/p>\n\n\n\n<figure class=\"wp-block-image\"><img decoding=\"async\" src=\"https:\/\/www.diarioepoca.com\/content\/bucket\/4\/1354294w380h711c.jpg.webp\" alt=\"\"\/><\/figure>\n\n\n\n<p>El partido comenz\u00f3 adverso para Mid\u00f3n perdiendo el primer parcial del torneo por un contundente 6-1. En el segundo, el correntino llev\u00f3 la delantera ante el jugador surgido de la clasificaci\u00f3n pero tuvo dificultades hasta cerrarlo finalmente por 7-5. Un quiebre en el inicio del tercero fue clave para encimarse a la corona en el certamen rioplatense y ganar el decisivo por 6-2 en la cancha 6. Este logr\u00f3 le permitir\u00e1 ascender en el ranking ATP para seguir creciendo en el circuito profesional.<\/p>\n\n\n\n<p>El capitalino Mid\u00f3n consigui\u00f3 un nuevo t\u00edtulo ITF en singles, despu\u00e9s del obtenido en M15 de Olavarr\u00eda durante 2023. En esa oportunidad, el litorale\u00f1o venci\u00f3 en la final al nacional Mat\u00edas Descotte (6-4 y 6-3).<\/p>\n\n\n\n<p>Durante la temporada pasada tambi\u00e9n hab\u00eda llegado al \u00faltimo partido en el M15 de Buenos Aires, donde fue superado por el brasile\u00f1o Gilbert Klier Junior en la definici\u00f3n (6-2 y 6-1). Estos tres torneos se jugaron sobre polvo de ladrillo.<\/p>\n\n\n\n<p>El M15 de Punta del Este se disput\u00f3 sobre canchas de polvo de ladrillo y reparti\u00f3 15.000 d\u00f3lares en premios.<\/p>\n\n\n\n<p>Durante la semana, el mejor preclasificado del torneo tach\u00f3 a otros tres jugadores nacionales en su camino a ser el mejor en Punta del Este. El debut fue ante Sean Hess (6-3 y 6-0), en octavos ante Nikos Lehmann (nuevamente 6-3 y 6-0), ya en cuartos elimin\u00f3 al octavo favorito, Juan Manuel La Serna (6-1 y 6-3), mientras que en semifinales dio cuenta de Franco Ribero, tambi\u00e9n en sets corridos (7-5 y 6-0).<\/p>\n","protected":false},"excerpt":{"rendered":"<p>En su primera final de la temporada, Lautaro Mid\u00f3n gan\u00f3 ayer su segundo t\u00edtulo profesional nivel ITF al ser el campe\u00f3n de singles en el torneo M15 de Punta del&hellip; <\/p>\n","protected":false},"author":12,"featured_media":135383,"comment_status":"closed","ping_status":"open","sticky":false,"template":"","format":"standard","meta":{"footnotes":""},"categories":[4],"tags":[],"class_list":["post-135370","post","type-post","status-publish","format-standard","has-post-thumbnail","hentry","category-deportes"],"_links":{"self":[{"href":"https:\/\/corrientesdetarde.com\/index.php\/wp-json\/wp\/v2\/posts\/135370","targetHints":{"allow":["GET"]}}],"collection":[{"href":"https:\/\/corrientesdetarde.com\/index.php\/wp-json\/wp\/v2\/posts"}],"about":[{"href":"https:\/\/corrientesdetarde.com\/index.php\/wp-json\/wp\/v2\/types\/post"}],"author":[{"embeddable":true,"href":"https:\/\/corrientesdetarde.com\/index.php\/wp-json\/wp\/v2\/users\/12"}],"replies":[{"embeddable":true,"href":"https:\/\/corrientesdetarde.com\/index.php\/wp-json\/wp\/v2\/comments?post=135370"}],"version-history":[{"count":1,"href":"https:\/\/corrientesdetarde.com\/index.php\/wp-json\/wp\/v2\/posts\/135370\/revisions"}],"predecessor-version":[{"id":135384,"href":"https:\/\/corrientesdetarde.com\/index.php\/wp-json\/wp\/v2\/posts\/135370\/revisions\/135384"}],"wp:featuredmedia":[{"embeddable":true,"href":"https:\/\/corrientesdetarde.com\/index.php\/wp-json\/wp\/v2\/media\/135383"}],"wp:attachment":[{"href":"https:\/\/corrientesdetarde.com\/index.php\/wp-json\/wp\/v2\/media?parent=135370"}],"wp:term":[{"taxonomy":"category","embeddable":true,"href":"https:\/\/corrientesdetarde.com\/index.php\/wp-json\/wp\/v2\/categories?post=135370"},{"taxonomy":"post_tag","embeddable":true,"href":"https:\/\/corrientesdetarde.com\/index.php\/wp-json\/wp\/v2\/tags?post=135370"}],"curies":[{"name":"wp","href":"https:\/\/api.w.org\/{rel}","templated":true}]}}