{"id":135372,"date":"2024-03-25T08:37:19","date_gmt":"2024-03-25T11:37:19","guid":{"rendered":"https:\/\/corrientesdetarde.com\/?p=135372"},"modified":"2024-03-25T08:37:31","modified_gmt":"2024-03-25T11:37:31","slug":"causa-catastro-trasladaron-a-corrientes-a-teresa-vazquez","status":"publish","type":"post","link":"https:\/\/corrientesdetarde.com\/index.php\/policiales\/causa-catastro-trasladaron-a-corrientes-a-teresa-vazquez\/","title":{"rendered":"Causa Catastro: trasladaron a Corrientes a Teresa V\u00e1zquez"},"content":{"rendered":"\n<p>El Ministro de Seguridad Dr. Buenaventura Duarte y el Jefe de Polic\u00eda de Corrientes Crio. Gral. Dr. Alberto Arnaldo Molina, recibieron anoche, al personal de la Direcci\u00f3n de Trata de Personas, b\u00fasqueda y captura de la Polic\u00eda de Corrientes, quienes lograron en Buenos Aires la detenci\u00f3n de la mujer de apellido V\u00e1zquez, quien era intensamente buscada desde hace tiempo en el marco de la \u00a0causa de Catastro.<\/p>\n\n\n\n<p>El Ministro de Seguridad Dr. Buenaventura Duarte y el Jefe de Polic\u00eda de Corrientes Crio. Gral. Dr. Alberto Arnaldo Molina, recibieron ayer por la noche, al personal de la Direcci\u00f3n de Trata de Personas, b\u00fasqueda y captura de la Polic\u00eda de Corrientes, quienes lograron en Buenos Aires la detenci\u00f3n de la mujer de apellido V\u00e1zquez, quien era intensamente buscada desde hace tiempo en el marco de la &nbsp;causa de Catastro, llegando esta noche finalmente a nuestra ciudad capital bajo custodia policial y donde quedar\u00e1 ya a disposici\u00f3n de la justicia local.<\/p>\n\n\n\n<p>Las autoridades recibieron en la Jefatura de Polic\u00eda y felicitaron al personal de dicha direcci\u00f3n por el accionar desplegado y que luego de intensos trabajos investigativos de varios meses en desarrollo, con la valiosa colaboraci\u00f3n de sus pares de la DDI de Marcos Paz, finalmente lograron localizar y detener a \u00e9sta mujer que era intensamente buscada, desde hace aproximadamente dos a\u00f1os.<\/p>\n\n\n\n<p>Destacaron el trabajo y compromiso profesional, de la Polic\u00eda de Corrientes y que a pesar de haber transcurrido un cierto tiempo, nunca se dej\u00f3 de seguir realizando distintos trabajos investigativos y de b\u00fasqueda, para lograr finalmente dar con esta mujer.<\/p>\n\n\n\n<p>En este sentido, las autoridades presentes, en la llegada de la comisi\u00f3n policial, agradecieron al personal interviniente por el esfuerzo, la dedicaci\u00f3n y el trabajo profesional que llevaron adelante junto a sus pares de Buenos Aires, para lograr este importante procedimiento.&nbsp;<\/p>\n\n\n\n<p>La mujer detenida, fue puesta a disposici\u00f3n de las autoridades judiciales que entienden en la causa que se halla involucrada y continuar\u00e1 alojada en esta capital.<\/p>\n","protected":false},"excerpt":{"rendered":"<p>El Ministro de Seguridad Dr. Buenaventura Duarte y el Jefe de Polic\u00eda de Corrientes Crio. Gral. Dr. Alberto Arnaldo Molina, recibieron anoche, al personal de la Direcci\u00f3n de Trata de&hellip; <\/p>\n","protected":false},"author":12,"featured_media":135381,"comment_status":"closed","ping_status":"open","sticky":false,"template":"","format":"standard","meta":{"footnotes":""},"categories":[33],"tags":[],"class_list":["post-135372","post","type-post","status-publish","format-standard","has-post-thumbnail","hentry","category-policiales"],"_links":{"self":[{"href":"https:\/\/corrientesdetarde.com\/index.php\/wp-json\/wp\/v2\/posts\/135372","targetHints":{"allow":["GET"]}}],"collection":[{"href":"https:\/\/corrientesdetarde.com\/index.php\/wp-json\/wp\/v2\/posts"}],"about":[{"href":"https:\/\/corrientesdetarde.com\/index.php\/wp-json\/wp\/v2\/types\/post"}],"author":[{"embeddable":true,"href":"https:\/\/corrientesdetarde.com\/index.php\/wp-json\/wp\/v2\/users\/12"}],"replies":[{"embeddable":true,"href":"https:\/\/corrientesdetarde.com\/index.php\/wp-json\/wp\/v2\/comments?post=135372"}],"version-history":[{"count":1,"href":"https:\/\/corrientesdetarde.com\/index.php\/wp-json\/wp\/v2\/posts\/135372\/revisions"}],"predecessor-version":[{"id":135382,"href":"https:\/\/corrientesdetarde.com\/index.php\/wp-json\/wp\/v2\/posts\/135372\/revisions\/135382"}],"wp:featuredmedia":[{"embeddable":true,"href":"https:\/\/corrientesdetarde.com\/index.php\/wp-json\/wp\/v2\/media\/135381"}],"wp:attachment":[{"href":"https:\/\/corrientesdetarde.com\/index.php\/wp-json\/wp\/v2\/media?parent=135372"}],"wp:term":[{"taxonomy":"category","embeddable":true,"href":"https:\/\/corrientesdetarde.com\/index.php\/wp-json\/wp\/v2\/categories?post=135372"},{"taxonomy":"post_tag","embeddable":true,"href":"https:\/\/corrientesdetarde.com\/index.php\/wp-json\/wp\/v2\/tags?post=135372"}],"curies":[{"name":"wp","href":"https:\/\/api.w.org\/{rel}","templated":true}]}}