{"id":135389,"date":"2024-03-25T09:47:59","date_gmt":"2024-03-25T12:47:59","guid":{"rendered":"https:\/\/corrientesdetarde.com\/?p=135389"},"modified":"2024-03-25T09:48:10","modified_gmt":"2024-03-25T12:48:10","slug":"violencia-narco-en-rosario-amenazaron-a-la-familia-de-angel-di-maria","status":"publish","type":"post","link":"https:\/\/corrientesdetarde.com\/index.php\/nacionales\/violencia-narco-en-rosario-amenazaron-a-la-familia-de-angel-di-maria\/","title":{"rendered":"Violencia narco en Rosario: amenazaron a la familia de \u00c1ngel Di Mar\u00eda"},"content":{"rendered":"\n<p>La familia de\u00a0\u00c1ngel Di Mar\u00eda\u00a0fue amenazada. El incidente tuvo lugar en las primeras horas de la madrugada, espec\u00edficamente a las 2:30, en uno de los accesos exclusivos del barrio privado de<strong>\u00a0Miraflores<\/strong>, ubicado en la avenida Fuerza A\u00e9rea al 4200, en Funes, cerca de\u00a0<strong>Rosario<\/strong>. Los autores de este acto intimidatorio estaban en un auto de color gris desde el cual se habr\u00eda escuchado explosiones.<\/p>\n\n\n\n<p>Las c\u00e1maras del country divisaron que desde el veh\u00edculo arrojaron un cartel en la puerta. En consecuencia, la familia lo levant\u00f3 y lo entregaron inmediatamente al personal policial, comando radioel\u00e9ctrico de Funes. En el lugar, hallaron un envoltorio de nailon color negro con la descripci\u00f3n \u201c<strong>Flia Di Mar\u00eda<\/strong>\u201d.<\/p>\n\n\n\n<p>Cabe destacar que no se observaron elementos bal\u00edsticos para preservar en inmediaciones. Y, finalmente, solicitaron la presencia de personal de la polic\u00eda criminal\u00edstica en el lugar.<\/p>\n\n\n\n<figure class=\"wp-block-image\"><img decoding=\"async\" src=\"https:\/\/tn.com.ar\/resizer\/mtwOGOMLYUZWehrCzUDA3gvdS2M=\/767x0\/smart\/filters:format(webp)\/cloudfront-us-east-1.images.arcpublishing.com\/artear\/FVBZVX7U7BEP5ATFYDKJ5JOWVU.jfif\" alt=\"(Foto: AFP)\"\/><figcaption class=\"wp-element-caption\">(Foto: AFP)<\/figcaption><\/figure>\n\n\n\n<h2 class=\"wp-block-heading\">Qu\u00e9 dec\u00eda el cartel que le arrojaron en la puerta de la casa de los familiares de Di Mar\u00eda<\/h2>\n\n\n\n<p>Desde el barrio donde vive la familia de \u00c1ngel Di Mar\u00eda agregaron que el cartel&nbsp;<strong>no incluy\u00f3 intimidaciones expl\u00edcitas ni elementos bal\u00edsticos<\/strong>, confirman investigadores del caso. La polic\u00eda de Investigaciones trabajaba en el lugar, mientras tambi\u00e9n el caso est\u00e1 siendo analizado por la fiscal\u00eda de Rosario.<\/p>\n\n\n\n<h2 class=\"wp-block-heading\">D\u00f3nde queda Funes Hills Miraflores, el country donde vive la familia de \u00c1ngel Di Mar\u00eda<\/h2>\n\n\n\n<p>El barrio privado donde se hospeda la familia de \u00c1ngel Di Mar\u00eda&nbsp;<strong>se encuentra en&nbsp;Funes, una ciudad que se ubica a solo 15 kil\u00f3metros de distancia del microcentro de Rosario<\/strong>. La localidad tambi\u00e9n es conocida como \u201cJard\u00edn de la Provincia\u201d y forma parte del Gran Rosario.<\/p>\n\n\n\n<h2 class=\"wp-block-heading\">C\u00f3mo es&nbsp;Funes Hills Miraflores, el country en el que se hospeda la familia de \u00c1ngel Di Mar\u00eda<\/h2>\n\n\n\n<p>El barrio privado se caracteriza por el contacto con la naturaleza y por tener una gran cantidad de&nbsp;espacios verdes. Adem\u00e1s,&nbsp;<strong>tiene cancha de f\u00fatbol y tenis, restaurante, zonas de confort con parrilla, pileta y seguridad durante las 24 horas del d\u00eda<\/strong>.<\/p>\n","protected":false},"excerpt":{"rendered":"<p>La familia de\u00a0\u00c1ngel Di Mar\u00eda\u00a0fue amenazada. El incidente tuvo lugar en las primeras horas de la madrugada, espec\u00edficamente a las 2:30, en uno de los accesos exclusivos del barrio privado&hellip; <\/p>\n","protected":false},"author":12,"featured_media":135416,"comment_status":"closed","ping_status":"open","sticky":false,"template":"","format":"standard","meta":{"footnotes":""},"categories":[10,33],"tags":[],"class_list":["post-135389","post","type-post","status-publish","format-standard","has-post-thumbnail","hentry","category-nacionales","category-policiales"],"_links":{"self":[{"href":"https:\/\/corrientesdetarde.com\/index.php\/wp-json\/wp\/v2\/posts\/135389","targetHints":{"allow":["GET"]}}],"collection":[{"href":"https:\/\/corrientesdetarde.com\/index.php\/wp-json\/wp\/v2\/posts"}],"about":[{"href":"https:\/\/corrientesdetarde.com\/index.php\/wp-json\/wp\/v2\/types\/post"}],"author":[{"embeddable":true,"href":"https:\/\/corrientesdetarde.com\/index.php\/wp-json\/wp\/v2\/users\/12"}],"replies":[{"embeddable":true,"href":"https:\/\/corrientesdetarde.com\/index.php\/wp-json\/wp\/v2\/comments?post=135389"}],"version-history":[{"count":1,"href":"https:\/\/corrientesdetarde.com\/index.php\/wp-json\/wp\/v2\/posts\/135389\/revisions"}],"predecessor-version":[{"id":135417,"href":"https:\/\/corrientesdetarde.com\/index.php\/wp-json\/wp\/v2\/posts\/135389\/revisions\/135417"}],"wp:featuredmedia":[{"embeddable":true,"href":"https:\/\/corrientesdetarde.com\/index.php\/wp-json\/wp\/v2\/media\/135416"}],"wp:attachment":[{"href":"https:\/\/corrientesdetarde.com\/index.php\/wp-json\/wp\/v2\/media?parent=135389"}],"wp:term":[{"taxonomy":"category","embeddable":true,"href":"https:\/\/corrientesdetarde.com\/index.php\/wp-json\/wp\/v2\/categories?post=135389"},{"taxonomy":"post_tag","embeddable":true,"href":"https:\/\/corrientesdetarde.com\/index.php\/wp-json\/wp\/v2\/tags?post=135389"}],"curies":[{"name":"wp","href":"https:\/\/api.w.org\/{rel}","templated":true}]}}