{"id":135392,"date":"2024-03-25T09:24:41","date_gmt":"2024-03-25T12:24:41","guid":{"rendered":"https:\/\/corrientesdetarde.com\/?p=135392"},"modified":"2024-03-25T09:24:45","modified_gmt":"2024-03-25T12:24:45","slug":"stanovnik-condeno-el-odio-que-mata-y-la-soberbia-que-lo-anticipa","status":"publish","type":"post","link":"https:\/\/corrientesdetarde.com\/index.php\/informacion-general\/stanovnik-condeno-el-odio-que-mata-y-la-soberbia-que-lo-anticipa\/","title":{"rendered":"Stanovnik conden\u00f3 el odio que mata y la soberbia que lo anticipa"},"content":{"rendered":"\n<p>La comunidad cat\u00f3lica local particip\u00f3 ayer (Domingo de Ramos) de las actividades de inicio de la Semana Santa. En esta capital, la bendici\u00f3n de los ramos se realiz\u00f3 en horas de la ma\u00f1ana en la iglesia Jes\u00fas Nazareno y estuvo a cargo del arzobispo de Corrientes Andr\u00e9s Stanovnik.<\/p>\n\n\n\n<p>Tras esa tradicional ceremonia, se hizo una procesi\u00f3n hasta la catedral Nuestra Se\u00f1ora del Rosario, templo en el que el prelado ofici\u00f3 la celebraci\u00f3n lit\u00fargica.<\/p>\n\n\n\n<p>Durante homil\u00eda brindada en el marco de la bendici\u00f3n de los ramos, el arzobispo hizo referencia al D\u00eda por la Memoria, Verdad y Justicia, que precisamente este a\u00f1o coincidi\u00f3 con el Domingo de Ramos (ver p\u00e1gina 4). Adem\u00e1s, precis\u00f3: &#8220;Esta semana es una semana para la reflexi\u00f3n y la oraci\u00f3n, para entrar en nosotros mismos de la mano de Jes\u00fas y preguntarnos cu\u00e1nto estamos dispuestos a seguirlo por el camino que \u00e9l nos propone. Con Jes\u00fas vamos hacia la felicidad de la Pascua. No tengamos miedo a la invitaci\u00f3n que \u00e9l nos hace de abrazar la cruz, porque abrazada con Jes\u00fas es clave para entrar en el gozo pascual&#8221;.<\/p>\n\n\n\n<p>En p\u00e1rrafos seguidos, se transcriben algunos de los principales conceptos vertidos por Stanovnik en el comienzo de la Semana Santa. (&#8230;.)<\/p>\n\n\n\n<h2 class=\"wp-block-heading\">La mejor defensa<\/h2>\n\n\n\n<p>Esta fe es la mejor defensa contra toda adversidad que se nos presenta en la vida. Adversidades y sufrimientos, por ejemplo que provoca la fecha que conmemoramos hoy los argentinos, causa de profunda tensi\u00f3n, divisi\u00f3n y enfrentamiento que nos llevan a diversas y contrapuestas interpretaciones de la tragedia, que hemos vivido en la d\u00e9cada del 70 y que a\u00fan no hemos superado, porque cada a\u00f1o que pasa duele m\u00e1s. Los cristianos, los que creemos en la victoria pascual de Jes\u00fas, estamos convencidos de que \u00e9l nos indica el camino para superar todos los obst\u00e1culos, hasta el m\u00e1s detestable que es el odio conduce a la muerte y la soberbia que lo anticipa.<\/p>\n\n\n\n<p>Con las heridas de nuestras historias personales y colectivas que padecemos vamos a levantar los ramos que tenemos en nuestras manos, con la mirada dirigida hacia Jesucristo, a quien hoy aclamamos victorioso sobre el odio y todo mal. Nos unimos a aquella multitud que aclam\u00f3 a Jes\u00fas como su \u00fanico Salvador, solo unos d\u00edas antes de su muerte, como lo acabamos de proclamar en el Evangelio. Pero no queremos claudicar, como lo hizo la mayor\u00eda de aquellos que acompa\u00f1aron la entrada triunfal de Jes\u00fas a Jerusal\u00e9n, cuando el camino del amor, llevado hasta el extremo, se hizo cuesta arriba hasta la entrega total en la Cruz.<\/p>\n\n\n\n<p>Supliquemos la gracia de comprender, mirando a Jes\u00fas camino a Jerusal\u00e9n, que es absolutamente necesario partir de un profundo deseo de amar al enemigo y de querer reconciliarnos con \u00e9l para sanar nuestra memoria, reparar el da\u00f1o causado y abrirnos a la liberadora experiencia del perd\u00f3n y la reconciliaci\u00f3n, esa que se derrama como un b\u00e1lsamo sobre nuestras heridas en las palabras de Jes\u00fas desde la cruz: &#8220;Padre, perd\u00f3nalos porque no saben lo que hacen&#8221;. (&#8230;)<\/p>\n\n\n\n<p>En tanto que en la misa de Ramos, el pastor dijo: &#8220;Con nuestros ramos bendecidos hemos asistido al estremecedor relato de la pasi\u00f3n y muerte de Jes\u00fas. La pregunta que cabe hacernos es si ahora, despu\u00e9s de haber manifestado p\u00fablicamente nuestra fe en las calles de nuestra ciudad, estamos dispuestos a continuar estando cerca de Jes\u00fas, como lo hicieron su Madre, unas pocas mujeres m\u00e1s y solo uno de los disc\u00edpulos, porque los dem\u00e1s huyeron presos del miedo&#8221;.<\/p>\n\n\n\n<p>&#8220;Entremos hoy en la Semana Mayor para el cristiano, o tambi\u00e9n Semana Santa, con la disposici\u00f3n interior de aprovecharla para entrar en nosotros mismos y reflexionar sobre nuestra fe y cu\u00e1l es la incidencia real que ella tiene en nuestra vida diaria. Tomemos de nuevo en nuestras manos al relato de la Pasi\u00f3n del Se\u00f1or y coloqu\u00e9monos entre los seguidores de Jes\u00fas dej\u00e1ndonos interpelar por la presencia viva de Jes\u00fas resucitado&#8221;.<\/p>\n\n\n\n<p>&#8220;Supliquemos humildemente la gracia de estar al pie de la Cruz de Nuestro Se\u00f1or, junto a su Madre, al disc\u00edpulo que la acompa\u00f1aba, y los dos ladrones que completaban el cuadro del momento de la agon\u00eda y muerte de nuestro Salvador, y dejemos que el inmenso amor de Dios nos sostenga, nos consuele y nos d\u00e9 fuerzas para ser testigos humildes y audaces de Jes\u00fas para que el mundo crea y se salve por \u00c9l. Que as\u00ed sea&#8221;, culmin\u00f3.<\/p>\n","protected":false},"excerpt":{"rendered":"<p>La comunidad cat\u00f3lica local particip\u00f3 ayer (Domingo de Ramos) de las actividades de inicio de la Semana Santa. En esta capital, la bendici\u00f3n de los ramos se realiz\u00f3 en horas&hellip; <\/p>\n","protected":false},"author":12,"featured_media":135403,"comment_status":"closed","ping_status":"open","sticky":false,"template":"","format":"standard","meta":{"footnotes":""},"categories":[1],"tags":[],"class_list":["post-135392","post","type-post","status-publish","format-standard","has-post-thumbnail","hentry","category-informacion-general"],"_links":{"self":[{"href":"https:\/\/corrientesdetarde.com\/index.php\/wp-json\/wp\/v2\/posts\/135392","targetHints":{"allow":["GET"]}}],"collection":[{"href":"https:\/\/corrientesdetarde.com\/index.php\/wp-json\/wp\/v2\/posts"}],"about":[{"href":"https:\/\/corrientesdetarde.com\/index.php\/wp-json\/wp\/v2\/types\/post"}],"author":[{"embeddable":true,"href":"https:\/\/corrientesdetarde.com\/index.php\/wp-json\/wp\/v2\/users\/12"}],"replies":[{"embeddable":true,"href":"https:\/\/corrientesdetarde.com\/index.php\/wp-json\/wp\/v2\/comments?post=135392"}],"version-history":[{"count":1,"href":"https:\/\/corrientesdetarde.com\/index.php\/wp-json\/wp\/v2\/posts\/135392\/revisions"}],"predecessor-version":[{"id":135404,"href":"https:\/\/corrientesdetarde.com\/index.php\/wp-json\/wp\/v2\/posts\/135392\/revisions\/135404"}],"wp:featuredmedia":[{"embeddable":true,"href":"https:\/\/corrientesdetarde.com\/index.php\/wp-json\/wp\/v2\/media\/135403"}],"wp:attachment":[{"href":"https:\/\/corrientesdetarde.com\/index.php\/wp-json\/wp\/v2\/media?parent=135392"}],"wp:term":[{"taxonomy":"category","embeddable":true,"href":"https:\/\/corrientesdetarde.com\/index.php\/wp-json\/wp\/v2\/categories?post=135392"},{"taxonomy":"post_tag","embeddable":true,"href":"https:\/\/corrientesdetarde.com\/index.php\/wp-json\/wp\/v2\/tags?post=135392"}],"curies":[{"name":"wp","href":"https:\/\/api.w.org\/{rel}","templated":true}]}}