{"id":135395,"date":"2024-03-25T09:21:47","date_gmt":"2024-03-25T12:21:47","guid":{"rendered":"https:\/\/corrientesdetarde.com\/?p=135395"},"modified":"2024-03-25T09:21:59","modified_gmt":"2024-03-25T12:21:59","slug":"el-carnaval-barrial-corono-a-sus-flamantes-soberanos","status":"publish","type":"post","link":"https:\/\/corrientesdetarde.com\/index.php\/locales\/el-carnaval-barrial-corono-a-sus-flamantes-soberanos\/","title":{"rendered":"El Carnaval Barrial coron\u00f3 a sus flamantes soberanos"},"content":{"rendered":"\n<p>La alegr\u00eda fue reinante y en el marco de la celebraci\u00f3n del traspaso de atributos a los nuevos soberanos de los Carnavales Barriales 2024, el parque Camb\u00e1 Cu\u00e1 fue escenario de una fiesta. Luego de una exitosa edici\u00f3n que se realiz\u00f3 en seis barrios de la ciudad, los representantes de la fiesta popular fueron coronados en una noche emotiva y llena de carnaval.<\/p>\n\n\n\n<p>Fue una noche cargada de emociones, en que la alegr\u00eda rein\u00f3 entre el p\u00fablico que disfrut\u00f3 de una propuesta celebrativa que estuvo a la altura de las circunstancias y que reflej\u00f3 la importancia que tiene este tipo de representatividad en el carnaval. &#8220;Estamos orgullosos del carnaval de la ciudad, un evento art\u00edstico, cultural y tur\u00edstico de destacada identidad para los correntinos y que venimos acompa\u00f1ando fuertemente desde la Municipalidad&#8221;, expres\u00f3 a \u00e9poca el secretario de Cultura y Educaci\u00f3n, Jos\u00e9 Sand.<\/p>\n\n\n\n<p>El funcionario destac\u00f3 adem\u00e1s que el carnaval barrial no solo representa una expresi\u00f3n popular arraigada en los comparseros, sino que adem\u00e1s propone un evento de calidad para recibir a los turistas. &#8220;Sabemos lo que representa para los correntinos, pero adem\u00e1s propone fuentes de trabajo para muchos emprendedores como as\u00ed tambi\u00e9n sirve de atracci\u00f3n tur\u00edstica para muchos visitantes que llegan a la ciudad y disfrutan de nuestros carnavales barriales&#8221;, expres\u00f3 Sand.<\/p>\n\n\n\n<p>Por su parte, la flamante representante del carnaval barrial, Celina Ferretti, destac\u00f3 esta fiesta popular como una de las expresiones identitarias m\u00e1s arraigadas que tiene Corrientes. &#8220;Ser portadora de este t\u00edtulo representa un gran compromiso para m\u00ed, una responsabilidad que asumo con mucha alegr\u00eda, la pasi\u00f3n que siento por esta fiesta es enorme y voy representarla con orgullo difundiendo la maravilla y el encanto que tiene nuestro carnaval&#8221;, dijo a \u00e9poca.<\/p>\n\n\n\n<p>Cabe destacar que tambi\u00e9n estuvieron presentes los embajadores culturales y nacionales del Carnaval 2024, Mat\u00edas Leyes y Agostina Casavecchia. Tras el acto de traspasos de atributos, la noche se predispuso para disfrutar de un espect\u00e1culo musical a cargo de la banda Samba Para Valer, que le puso ritmo de carnaval para cerrar una gala extraordinaria.<\/p>\n","protected":false},"excerpt":{"rendered":"<p>La alegr\u00eda fue reinante y en el marco de la celebraci\u00f3n del traspaso de atributos a los nuevos soberanos de los Carnavales Barriales 2024, el parque Camb\u00e1 Cu\u00e1 fue escenario&hellip; <\/p>\n","protected":false},"author":12,"featured_media":135399,"comment_status":"closed","ping_status":"open","sticky":false,"template":"","format":"standard","meta":{"footnotes":""},"categories":[8],"tags":[],"class_list":["post-135395","post","type-post","status-publish","format-standard","has-post-thumbnail","hentry","category-locales"],"_links":{"self":[{"href":"https:\/\/corrientesdetarde.com\/index.php\/wp-json\/wp\/v2\/posts\/135395","targetHints":{"allow":["GET"]}}],"collection":[{"href":"https:\/\/corrientesdetarde.com\/index.php\/wp-json\/wp\/v2\/posts"}],"about":[{"href":"https:\/\/corrientesdetarde.com\/index.php\/wp-json\/wp\/v2\/types\/post"}],"author":[{"embeddable":true,"href":"https:\/\/corrientesdetarde.com\/index.php\/wp-json\/wp\/v2\/users\/12"}],"replies":[{"embeddable":true,"href":"https:\/\/corrientesdetarde.com\/index.php\/wp-json\/wp\/v2\/comments?post=135395"}],"version-history":[{"count":1,"href":"https:\/\/corrientesdetarde.com\/index.php\/wp-json\/wp\/v2\/posts\/135395\/revisions"}],"predecessor-version":[{"id":135400,"href":"https:\/\/corrientesdetarde.com\/index.php\/wp-json\/wp\/v2\/posts\/135395\/revisions\/135400"}],"wp:featuredmedia":[{"embeddable":true,"href":"https:\/\/corrientesdetarde.com\/index.php\/wp-json\/wp\/v2\/media\/135399"}],"wp:attachment":[{"href":"https:\/\/corrientesdetarde.com\/index.php\/wp-json\/wp\/v2\/media?parent=135395"}],"wp:term":[{"taxonomy":"category","embeddable":true,"href":"https:\/\/corrientesdetarde.com\/index.php\/wp-json\/wp\/v2\/categories?post=135395"},{"taxonomy":"post_tag","embeddable":true,"href":"https:\/\/corrientesdetarde.com\/index.php\/wp-json\/wp\/v2\/tags?post=135395"}],"curies":[{"name":"wp","href":"https:\/\/api.w.org\/{rel}","templated":true}]}}