{"id":135415,"date":"2024-03-25T09:50:02","date_gmt":"2024-03-25T12:50:02","guid":{"rendered":"https:\/\/corrientesdetarde.com\/?p=135415"},"modified":"2024-03-25T09:50:06","modified_gmt":"2024-03-25T12:50:06","slug":"una-mujer-no-quiso-quedarse-internada-firmo-el-alta-voluntaria-y-murio-cuando-se-subio-al-remis-para-irse","status":"publish","type":"post","link":"https:\/\/corrientesdetarde.com\/index.php\/sociales\/una-mujer-no-quiso-quedarse-internada-firmo-el-alta-voluntaria-y-murio-cuando-se-subio-al-remis-para-irse\/","title":{"rendered":"Una mujer no quiso quedarse internada, firm\u00f3 el alta voluntaria y muri\u00f3 cuando se subi\u00f3 al remis para irse"},"content":{"rendered":"\n<p>Un dram\u00e1tico caso conmueve a los vecinos de\u00a0La Banda, Santiago del Estero. Una mujer fue a un sanatorio por una presunta\u00a0<strong>gastroenteritis\u00a0<\/strong>pero como no se quiso quedar internada\u00a0<strong>firm\u00f3 el alta voluntaria.\u00a0<\/strong>Sin embargo,\u00a0<strong>cuando se estaba subiendo a un remis para irse a su casa\u00a0muri\u00f3.<\/strong><\/p>\n\n\n\n<p>El episodio ocurri\u00f3 este viernes en la provincia de\u00a0Santiago del Estero. De acuerdo a lo informado por los efectivos de la Comisar\u00eda Comunitaria N\u00b014, la paciente de 72 a\u00f1os lleg\u00f3 al centro de salud privado cerca de las 23:30.<\/p>\n\n\n\n<p>Cuando la se\u00f1ora fue asistida por los m\u00e9dicos, con un presunto cuadro de&nbsp;<strong>gastroenteritis<\/strong>, le informaron que&nbsp;<strong>deb\u00eda quedarse internada&nbsp;<\/strong>para ser examinada en profundidad por las molestias que ten\u00eda.<\/p>\n\n\n\n<p>Sin embargo, la mujer&nbsp;<strong>se neg\u00f3 a quedarse y firm\u00f3 el alta voluntaria.<\/strong>&nbsp;Cuando se retir\u00f3 del sanatorio solicit\u00f3 un remis, pero al subirse<strong>&nbsp;se descompens\u00f3 y muri\u00f3 en el lugar.<\/strong><\/p>\n\n\n\n<figure class=\"wp-block-image\"><img decoding=\"async\" src=\"https:\/\/tn.com.ar\/resizer\/ZCOHCZu7p4nDmzKFfvMOTZ3BKlU=\/767x0\/smart\/filters:format(webp)\/cloudfront-us-east-1.images.arcpublishing.com\/artear\/UG7MRPCN75CKRGWPJZBX4MIUH4.jpg\" alt=\"El episodio ocurri\u00f3 en la ciudad de La Banda, Santiago del Estero. (Foto: Noticias del Estero).\"\/><figcaption class=\"wp-element-caption\">El episodio ocurri\u00f3 en la ciudad de La Banda, Santiago del Estero. (Foto: Noticias del Estero).<\/figcaption><\/figure>\n\n\n\n<p>La hermana de la paciente, que la hab\u00eda acompa\u00f1ado hasta la cl\u00ednica, alert\u00f3 enseguida a los profesionales del lugar y la ingresaron nuevamente al centro de salud en donde no pudieron hacer m\u00e1s que constatar que no ten\u00eda signos vitales.<\/p>\n\n\n\n<p>Luego de que se conociera la noticia del deceso, intervino el m\u00e9dico de la Polic\u00eda, por orden de la fiscal Alejandra Holgado, quien determin\u00f3 que el fallecimiento de la mujer se produjo por un\u00a0<strong>paro cardiorrespiratorio.<\/strong><\/p>\n\n\n\n<p>Aunque en principio hab\u00eda dudas sobre los motivos del deceso, m\u00e1s tarde se supo que la propia paciente hab\u00eda firmado el alta voluntaria. Tras ello, la funcionaria judicial dispuso que el cuerpo fuera entregado a su familia para la inhumaci\u00f3n, seg\u00fan precis\u00f3 el medio local<em>&nbsp;Nuevo D\u00eda.<\/em><\/p>\n\n\n\n<p>En La Plata, este fin de semana, una joven de 23 a\u00f1os&nbsp;<strong>muri\u00f3 de manera repentina<\/strong>&nbsp;luego de desvanecerse mientras trotaba en el&nbsp;<strong>Parque San Mart\u00edn.&nbsp;<\/strong>El hecho ocurri\u00f3 en la tarde del s\u00e1bado en el espacio verde ubicado en calle 50, entre 24 y 25, cuando la chica hac\u00eda actividad f\u00edsica en el circuito aer\u00f3bico, indicaron fuentes policiales.<\/p>\n\n\n\n<figure class=\"wp-block-image\"><img decoding=\"async\" src=\"https:\/\/tn.com.ar\/resizer\/gfJQ02Uwmym8F69TPPOu074PFNQ=\/767x0\/smart\/filters:format(webp)\/cloudfront-us-east-1.images.arcpublishing.com\/artear\/FEYUEETVR5B2RAS4JHW76WIF2U.jpg\" alt=\"Una chica de 23 a\u00f1os muri\u00f3 este domingo mientras corr\u00eda en un parque de La Plata. (Foto: Gentileza 0221)\"\/><figcaption class=\"wp-element-caption\">Una chica de 23 a\u00f1os muri\u00f3 este domingo mientras corr\u00eda en un parque de La Plata. (Foto: Gentileza 0221)<\/figcaption><\/figure>\n\n\n\n<p>La v\u00edctima fue identificada como<strong>&nbsp;Kira Yulisa Valencia Culanata<\/strong>, una estudiante de nacionalidad ecuatoriana que viv\u00eda en la zona de 7 y 41. De acuerdo a los testimonios recabados en el lugar, la joven estaba trotando sola mientras escuchaba m\u00fasica cuando se desplom\u00f3 en el piso. Fueron dos chicas que ven\u00edan atr\u00e1s las primeras que vieron toda la secuencia y se acercaron a ayudar.<\/p>\n\n\n\n<p><strong>\u201cLa situaci\u00f3n fue muy desesperante<\/strong>. Sobre todo porque&nbsp;<strong>la ambulancia tard\u00f3 mucho tiempo en llegar<\/strong>&nbsp;y la gente que estaba ah\u00ed, trataba de ayudar. Le hac\u00edan RCP, pero no reaccionaba\u201d, expres\u00f3 uno de los testigos al diario local<em>&nbsp;El D\u00eda.<\/em><\/p>\n\n\n\n<p>En esa l\u00ednea, agreg\u00f3: \u201cLos primeros que la asistieron fueron los vecinos que estaban trotando en el Parque<strong>. Un chico y una chica se turnaban para intentar rehabilitarla,&nbsp;<\/strong>pero no respond\u00eda. Estuvieron m\u00e1s de 15 minutos haci\u00e9ndole RCP y la ambulancia nunca apareci\u00f3 en ese lapso a pesar de que se la hab\u00eda llamado.<strong>&nbsp;Todo fue muy traum\u00e1tico\u201d.<\/strong><\/p>\n","protected":false},"excerpt":{"rendered":"<p>Un dram\u00e1tico caso conmueve a los vecinos de\u00a0La Banda, Santiago del Estero. Una mujer fue a un sanatorio por una presunta\u00a0gastroenteritis\u00a0pero como no se quiso quedar internada\u00a0firm\u00f3 el alta voluntaria.\u00a0Sin&hellip; <\/p>\n","protected":false},"author":12,"featured_media":135418,"comment_status":"closed","ping_status":"open","sticky":false,"template":"","format":"standard","meta":{"footnotes":""},"categories":[17],"tags":[],"class_list":["post-135415","post","type-post","status-publish","format-standard","has-post-thumbnail","hentry","category-sociales"],"_links":{"self":[{"href":"https:\/\/corrientesdetarde.com\/index.php\/wp-json\/wp\/v2\/posts\/135415","targetHints":{"allow":["GET"]}}],"collection":[{"href":"https:\/\/corrientesdetarde.com\/index.php\/wp-json\/wp\/v2\/posts"}],"about":[{"href":"https:\/\/corrientesdetarde.com\/index.php\/wp-json\/wp\/v2\/types\/post"}],"author":[{"embeddable":true,"href":"https:\/\/corrientesdetarde.com\/index.php\/wp-json\/wp\/v2\/users\/12"}],"replies":[{"embeddable":true,"href":"https:\/\/corrientesdetarde.com\/index.php\/wp-json\/wp\/v2\/comments?post=135415"}],"version-history":[{"count":1,"href":"https:\/\/corrientesdetarde.com\/index.php\/wp-json\/wp\/v2\/posts\/135415\/revisions"}],"predecessor-version":[{"id":135419,"href":"https:\/\/corrientesdetarde.com\/index.php\/wp-json\/wp\/v2\/posts\/135415\/revisions\/135419"}],"wp:featuredmedia":[{"embeddable":true,"href":"https:\/\/corrientesdetarde.com\/index.php\/wp-json\/wp\/v2\/media\/135418"}],"wp:attachment":[{"href":"https:\/\/corrientesdetarde.com\/index.php\/wp-json\/wp\/v2\/media?parent=135415"}],"wp:term":[{"taxonomy":"category","embeddable":true,"href":"https:\/\/corrientesdetarde.com\/index.php\/wp-json\/wp\/v2\/categories?post=135415"},{"taxonomy":"post_tag","embeddable":true,"href":"https:\/\/corrientesdetarde.com\/index.php\/wp-json\/wp\/v2\/tags?post=135415"}],"curies":[{"name":"wp","href":"https:\/\/api.w.org\/{rel}","templated":true}]}}