{"id":13543,"date":"2022-10-22T17:28:32","date_gmt":"2022-10-22T20:28:32","guid":{"rendered":"https:\/\/corrientesdetarde.com\/?p=13543"},"modified":"2022-10-22T17:28:35","modified_gmt":"2022-10-22T20:28:35","slug":"alerta-en-la-seleccion-nacional-se-lesiono-leandro-paredes","status":"publish","type":"post","link":"https:\/\/corrientesdetarde.com\/index.php\/deportes\/alerta-en-la-seleccion-nacional-se-lesiono-leandro-paredes\/","title":{"rendered":"Alerta en la Selecci\u00f3n Nacional: Se lesion\u00f3 Leandro Paredes"},"content":{"rendered":"\n<p>Leandro Paredes padeci\u00f3 una distensi\u00f3n en el isquiotibial. Probablemente se pierda lo que queda de la actividad con la Juventus. No obstante, podr\u00eda estar para los trabajos con la Selecci\u00f3n Argentina. Su recuperaci\u00f3n podr\u00eda demandar entre 12 y 14 d\u00edas.<\/p>\n","protected":false},"excerpt":{"rendered":"<p>Leandro Paredes padeci\u00f3 una distensi\u00f3n en el isquiotibial. Probablemente se pierda lo que queda de la actividad con la Juventus. No obstante, podr\u00eda estar para los trabajos con la Selecci\u00f3n&hellip; <\/p>\n","protected":false},"author":1,"featured_media":13544,"comment_status":"closed","ping_status":"open","sticky":false,"template":"","format":"standard","meta":{"footnotes":""},"categories":[4],"tags":[],"class_list":["post-13543","post","type-post","status-publish","format-standard","has-post-thumbnail","hentry","category-deportes"],"_links":{"self":[{"href":"https:\/\/corrientesdetarde.com\/index.php\/wp-json\/wp\/v2\/posts\/13543","targetHints":{"allow":["GET"]}}],"collection":[{"href":"https:\/\/corrientesdetarde.com\/index.php\/wp-json\/wp\/v2\/posts"}],"about":[{"href":"https:\/\/corrientesdetarde.com\/index.php\/wp-json\/wp\/v2\/types\/post"}],"author":[{"embeddable":true,"href":"https:\/\/corrientesdetarde.com\/index.php\/wp-json\/wp\/v2\/users\/1"}],"replies":[{"embeddable":true,"href":"https:\/\/corrientesdetarde.com\/index.php\/wp-json\/wp\/v2\/comments?post=13543"}],"version-history":[{"count":1,"href":"https:\/\/corrientesdetarde.com\/index.php\/wp-json\/wp\/v2\/posts\/13543\/revisions"}],"predecessor-version":[{"id":13545,"href":"https:\/\/corrientesdetarde.com\/index.php\/wp-json\/wp\/v2\/posts\/13543\/revisions\/13545"}],"wp:featuredmedia":[{"embeddable":true,"href":"https:\/\/corrientesdetarde.com\/index.php\/wp-json\/wp\/v2\/media\/13544"}],"wp:attachment":[{"href":"https:\/\/corrientesdetarde.com\/index.php\/wp-json\/wp\/v2\/media?parent=13543"}],"wp:term":[{"taxonomy":"category","embeddable":true,"href":"https:\/\/corrientesdetarde.com\/index.php\/wp-json\/wp\/v2\/categories?post=13543"},{"taxonomy":"post_tag","embeddable":true,"href":"https:\/\/corrientesdetarde.com\/index.php\/wp-json\/wp\/v2\/tags?post=13543"}],"curies":[{"name":"wp","href":"https:\/\/api.w.org\/{rel}","templated":true}]}}