{"id":135545,"date":"2024-03-25T13:42:32","date_gmt":"2024-03-25T16:42:32","guid":{"rendered":"https:\/\/corrientesdetarde.com\/?p=135545"},"modified":"2024-03-25T13:42:44","modified_gmt":"2024-03-25T16:42:44","slug":"la-amenaza-a-angel-di-maria-en-rosario-el-estremecedor-texto-completo","status":"publish","type":"post","link":"https:\/\/corrientesdetarde.com\/index.php\/deportes\/la-amenaza-a-angel-di-maria-en-rosario-el-estremecedor-texto-completo\/","title":{"rendered":"La amenaza a \u00c1ngel Di Mar\u00eda en Rosario: el estremecedor texto completo"},"content":{"rendered":"\n<p>Conoc\u00e9 la intimidaci\u00f3n que recibi\u00f3 el futbolista de la Selecci\u00f3n argentina junto a su familia en la ciudad de Santa Fe.<\/p>\n\n\n\n<p>La\u00a0<strong>familia de\u00a0Angen Di Mar\u00eda <\/strong><strong>fue objeto de amenazas<\/strong>. Este suceso se produjo durante la madrugada de este lunes, alrededor de las 2:30 a.m., en una de las entradas privadas del barrio privado de\u00a0<strong>Miraflores<\/strong>, situado en Funes, pr\u00f3ximo a Rosario. Los responsables de esta acci\u00f3n amenazante se encontraban dentro de un veh\u00edculo gris, desde donde aparentemente se oyeron explosiones.<\/p>\n\n\n\n<p>TN pudo acceder a lo que dice la amenaza completa contra \u00c1ngel Di Mar\u00eda, donde no s\u00f3lo se lo busca atemorizar a \u00e9l sino tambi\u00e9n a su familia y se hace referencia al gobernador de Santa Fe:&nbsp;<strong>\u201cDecile a tu hijo \u00c1ngel que a Rosario no vuelva m\u00e1s porque sino le cagamos matando un familiar. Ni Pullaro te va a salvar. Nosotros no tiramos papelitos. Plomo y muertos tiramos\u201d<\/strong>, recibi\u00f3 la familia del futbolista de la Selecci\u00f3n argentina.<\/p>\n\n\n\n<figure class=\"wp-block-image\"><img decoding=\"async\" src=\"https:\/\/tn.com.ar\/resizer\/UAu4Fs89Phl_YipbixfPi0KA7q4=\/767x0\/smart\/filters:format(webp)\/cloudfront-us-east-1.images.arcpublishing.com\/artear\/3XP7WLLH5NF4DDYVQL2HM2AWHQ.jpg\" alt=\"Qu\u00e9 dice la amenaza completa contra \u00c1ngel Di Mar\u00eda en Rosario (Foto: IG @jorgelinacardoso26)\"\/><\/figure>\n\n\n\n<p><\/p>\n\n\n\n<h2 class=\"wp-block-heading\">Que dijo el Gobierno de Santa Fe sobre las amenazas a la familia Di Mar\u00eda<\/h2>\n\n\n\n<p>\u201cEl contenido de la amenaza no lo vamos a difundir porque estar\u00edamos entrando en el juego de estas organizaciones de generar m\u00e1s conmoci\u00f3n social a trav\u00e9s de los medios\u201d, dijeron a TN fuentes del ministerio de Seguridad de Santa Fe.<\/p>\n\n\n\n<h2 class=\"wp-block-heading\">D\u00f3nde queda y c\u00f3mo es Funes Hills Miraflores, el country donde vive la familia de \u00c1ngel Di Mar\u00eda<\/h2>\n\n\n\n<p>El barrio privado donde se hospeda la familia de \u00c1ngel Di Mar\u00eda&nbsp;<strong>se encuentra en Funes, una ciudad que se ubica a solo 15 kil\u00f3metros de distancia del microcentro de Rosario<\/strong>. La localidad tambi\u00e9n es conocida como \u201cJard\u00edn de la Provincia\u201d y forma parte del Gran Rosario.<\/p>\n\n\n\n<p>El barrio privado se caracteriza por el contacto con la naturaleza y por tener una gran cantidad de espacios verdes. Adem\u00e1s,&nbsp;<strong>tiene cancha de f\u00fatbol y tenis, restaurante, zonas de confort con parrilla, pileta y seguridad durante las 24 horas del d\u00eda<\/strong>.<\/p>\n","protected":false},"excerpt":{"rendered":"<p>Conoc\u00e9 la intimidaci\u00f3n que recibi\u00f3 el futbolista de la Selecci\u00f3n argentina junto a su familia en la ciudad de Santa Fe. La\u00a0familia de\u00a0Angen Di Mar\u00eda fue objeto de amenazas. Este&hellip; <\/p>\n","protected":false},"author":8,"featured_media":135546,"comment_status":"closed","ping_status":"open","sticky":false,"template":"","format":"standard","meta":{"footnotes":""},"categories":[4],"tags":[],"class_list":["post-135545","post","type-post","status-publish","format-standard","has-post-thumbnail","hentry","category-deportes"],"_links":{"self":[{"href":"https:\/\/corrientesdetarde.com\/index.php\/wp-json\/wp\/v2\/posts\/135545","targetHints":{"allow":["GET"]}}],"collection":[{"href":"https:\/\/corrientesdetarde.com\/index.php\/wp-json\/wp\/v2\/posts"}],"about":[{"href":"https:\/\/corrientesdetarde.com\/index.php\/wp-json\/wp\/v2\/types\/post"}],"author":[{"embeddable":true,"href":"https:\/\/corrientesdetarde.com\/index.php\/wp-json\/wp\/v2\/users\/8"}],"replies":[{"embeddable":true,"href":"https:\/\/corrientesdetarde.com\/index.php\/wp-json\/wp\/v2\/comments?post=135545"}],"version-history":[{"count":1,"href":"https:\/\/corrientesdetarde.com\/index.php\/wp-json\/wp\/v2\/posts\/135545\/revisions"}],"predecessor-version":[{"id":135547,"href":"https:\/\/corrientesdetarde.com\/index.php\/wp-json\/wp\/v2\/posts\/135545\/revisions\/135547"}],"wp:featuredmedia":[{"embeddable":true,"href":"https:\/\/corrientesdetarde.com\/index.php\/wp-json\/wp\/v2\/media\/135546"}],"wp:attachment":[{"href":"https:\/\/corrientesdetarde.com\/index.php\/wp-json\/wp\/v2\/media?parent=135545"}],"wp:term":[{"taxonomy":"category","embeddable":true,"href":"https:\/\/corrientesdetarde.com\/index.php\/wp-json\/wp\/v2\/categories?post=135545"},{"taxonomy":"post_tag","embeddable":true,"href":"https:\/\/corrientesdetarde.com\/index.php\/wp-json\/wp\/v2\/tags?post=135545"}],"curies":[{"name":"wp","href":"https:\/\/api.w.org\/{rel}","templated":true}]}}