{"id":135568,"date":"2024-03-25T14:26:48","date_gmt":"2024-03-25T17:26:48","guid":{"rendered":"https:\/\/corrientesdetarde.com\/?p=135568"},"modified":"2024-03-25T14:27:00","modified_gmt":"2024-03-25T17:27:00","slug":"victor-corso-creador-del-fashion-tour-que-recorre-el-pais-tener-exito-es-hacer-cosas-que-otros-no-hacen","status":"publish","type":"post","link":"https:\/\/corrientesdetarde.com\/index.php\/tendencias\/victor-corso-creador-del-fashion-tour-que-recorre-el-pais-tener-exito-es-hacer-cosas-que-otros-no-hacen\/","title":{"rendered":"V\u00edctor Corso, creador del Fashion Tour que recorre el pa\u00eds: \u201cTener \u00e9xito es hacer cosas que otros no hacen\u201d"},"content":{"rendered":"\n<p>El hombre detr\u00e1s de uno de los eventos de moda del momento revela las claves que hacen \u00fanico a su proyecto donde conviven dise\u00f1adores consagrados y nuevos talentos.<\/p>\n\n\n\n<p>Con su proyecto revolucionario  Fashion Tour,\u00a0Victor Corso\u00a0logr\u00f3 posicionarse como un verdadero pionero y ha logrado fusionar arte, cultura y moda de una manera \u00fanica, llevando la pasarela a lugares inesperados y mostrando al mundo el talento de los\u00a0<strong>dise\u00f1adores argentinos.\u00a0<\/strong>En una entrevista exclusiva, el productor revel\u00f3 c\u00f3mo surgi\u00f3 la idea que da a conocer talentos de la industria.<\/p>\n\n\n\n<p>\u201cComo las grandes cosas, Fashion Tour surgi\u00f3 de la nada. Est\u00e1bamos en Caril\u00f3 despu\u00e9s de hacer una peque\u00f1a presentaci\u00f3n con dise\u00f1adores y&nbsp;<strong>surgi\u00f3 esto de proyectar y armar un&nbsp;<\/strong><em><strong>tour<\/strong><\/em><strong>&nbsp;que pudiera recorrer el pa\u00eds y buscar locaciones en hoteles, hacer eventos peque\u00f1os para no m\u00e1s de 300 personas y mostrar la moda desde otro lado\u201d<\/strong>, recuerda.<\/p>\n\n\n\n<figure class=\"wp-block-image\"><img decoding=\"async\" src=\"https:\/\/tn.com.ar\/resizer\/rVGgesErHJtwFibggjjwtMnmOkU=\/767x0\/smart\/filters:format(webp)\/cloudfront-us-east-1.images.arcpublishing.com\/artear\/ZJXF3TLSDNBH7FIPD7OAQBRMY4.jpg\" alt=\"V\u00edctor Corso cre\u00f3 un concepto de desfiles diferentes en la Argentina. (Foto: Fashion Tour)\"\/><\/figure>\n\n\n\n<p>Desde sus comienzos, Fashion Tour ha recorrido un camino impresionante, llevando lo mejor de la moda argentina a trav\u00e9s de eventos emblem\u00e1ticos como el&nbsp;<strong>Sheraton Mar del Plata en 2022, Caril\u00f3 Golf en 2023, y el reciente Fashion Tour 2024 en el Hilton Buenos Aires y Casino Pinamar<\/strong>, entre otros.<\/p>\n\n\n\n<p>Adem\u00e1s, en el marco de Fashion Tour tambi\u00e9n se lleva a cabo<strong>\u00a0Lage Experience<\/strong>, un evento que se diferencia de los desfiles tradicionales en los que el famoso dise\u00f1ador  \u00a0Gabriel Lage\u00a0 cuenta en detalle el proceso creativo y la confecci\u00f3n de sus piezas \u00fanicas, elegidas por celebridades y mujeres influyentes como\u00a0<strong>Pampita, Valeria Mazza, Juliana Awada, y la reina Letizia de Espa\u00f1a.<\/strong><\/p>\n\n\n\n<figure class=\"wp-block-image\"><img decoding=\"async\" src=\"https:\/\/tn.com.ar\/resizer\/SrPaxe09HwQlOoCBqrBafcGb0q4=\/767x0\/smart\/filters:format(webp)\/cloudfront-us-east-1.images.arcpublishing.com\/artear\/OIPV4N2465BHZJV2GS45YOYAXM.png\" alt=\"V\u00edctor Corso, el hombre detr\u00e1s de Fashion Tour. (Foto: Fashion Tour)\"\/><\/figure>\n\n\n\n<h2 class=\"wp-block-heading\">Los pilares que diferencian a Fashion Tour<\/h2>\n\n\n\n<p>Lo que distingue a Fashion Tour es su enfoque meticuloso y su compromiso con la excelencia. Corso explica: \u201cLo hacemos muy cuidado, en distintas locaciones con hoteles que quieren brindar estos eventos a sus clientes. Se hace algo de gastronom\u00eda,&nbsp;<strong>se viene a disfrutar un lindo momento, alguna copa.<\/strong>&nbsp;Yo creo que el formato que lo hace distinto pasa por eso.&nbsp;<strong>No son desfiles para miles de personas, son muy cuidados\u201d.<\/strong><\/p>\n\n\n\n<figure class=\"wp-block-image\"><img decoding=\"async\" src=\"https:\/\/tn.com.ar\/resizer\/my-b2ddMVEO6Eyz6Wjma16IhRdY=\/767x0\/smart\/filters:format(webp)\/cloudfront-us-east-1.images.arcpublishing.com\/artear\/QYVUL6EU6BCVFD274QWDY63J34.png\" alt=\"V\u00edctor Corso re\u00fane a dise\u00f1adores emergentes de todo el pa\u00eds. (Foto: Fashion Tour)\"\/><\/figure>\n\n\n\n<p>Pero m\u00e1s all\u00e1 de la est\u00e9tica y el&nbsp;<em>glamour<\/em>, Fashion Tour tiene un prop\u00f3sito m\u00e1s profundo: dar visibilidad a dise\u00f1adores emergentes y regionales.<strong>&nbsp;\u201cLa idea de llevar la moda a distintos lugares del pa\u00eds es muy simple: poder trasladar dise\u00f1adores de CABA al interior del pa\u00eds y dise\u00f1adores del interior del pa\u00eds a CABA.&nbsp;<\/strong>Tratar de desarrollar a otros grandes dise\u00f1adores que est\u00e1n diseminados por el pa\u00eds y no pueden llegar a Buenos Aires por costos u otros temas\u201d, se\u00f1ala.<\/p>\n\n\n\n<figure class=\"wp-block-image\"><img decoding=\"async\" src=\"https:\/\/tn.com.ar\/resizer\/4SJLJC6rN6jrjiz9CqTDo1uCHYM=\/767x0\/smart\/filters:format(webp)\/cloudfront-us-east-1.images.arcpublishing.com\/artear\/NSHF3BFULNCOZCHYG6JUN57QTA.png\" alt=\"Fashion Tour en Caril\u00f3. (Foto: Fashion Tour)\"\/><\/figure>\n\n\n\n<p>En cada edici\u00f3n de Fashion Tour, se destacan talentos emergentes como&nbsp;<strong>Amelia Fonio, Arita de los Andes y Silvina Abril<\/strong>, junto con nombres consagrados como&nbsp;<strong>Lage, Benito Fern\u00e1ndez y Mariana Dapiano.&nbsp;<\/strong>Este enfoque inclusivo y diverso es lo que hace que Fashion Tour sea uno de los eventos con m\u00e1s convocatoria en los \u00faltimos a\u00f1os.<\/p>\n\n\n\n<figure class=\"wp-block-image\"><img decoding=\"async\" src=\"https:\/\/tn.com.ar\/resizer\/my-b2ddMVEO6Eyz6Wjma16IhRdY=\/767x0\/smart\/filters:format(webp)\/cloudfront-us-east-1.images.arcpublishing.com\/artear\/QYVUL6EU6BCVFD274QWDY63J34.png\" alt=\"V\u00edctor Corso re\u00fane a dise\u00f1adores emergentes de todo el pa\u00eds. (Foto: Fashion Tour)\"\/><\/figure>\n\n\n\n<p>Pero para Corso, el \u00e9xito va m\u00e1s all\u00e1 de los n\u00fameros:&nbsp;<strong>\u201cTener \u00e9xito es tener valores, humildad y tratar de hacer cosas que otros no hacen\u201d.&nbsp;<\/strong>Y esos valores se reflejan en la comunidad que ha creado alrededor de Fashion Tour, donde todo su equipo, desde las modelos hasta los maquilladores, son parte de una familia unida que hace posible cada evento.<\/p>\n","protected":false},"excerpt":{"rendered":"<p>El hombre detr\u00e1s de uno de los eventos de moda del momento revela las claves que hacen \u00fanico a su proyecto donde conviven dise\u00f1adores consagrados y nuevos talentos. Con su&hellip; <\/p>\n","protected":false},"author":8,"featured_media":135569,"comment_status":"closed","ping_status":"open","sticky":false,"template":"","format":"standard","meta":{"footnotes":""},"categories":[28],"tags":[],"class_list":["post-135568","post","type-post","status-publish","format-standard","has-post-thumbnail","hentry","category-tendencias"],"_links":{"self":[{"href":"https:\/\/corrientesdetarde.com\/index.php\/wp-json\/wp\/v2\/posts\/135568","targetHints":{"allow":["GET"]}}],"collection":[{"href":"https:\/\/corrientesdetarde.com\/index.php\/wp-json\/wp\/v2\/posts"}],"about":[{"href":"https:\/\/corrientesdetarde.com\/index.php\/wp-json\/wp\/v2\/types\/post"}],"author":[{"embeddable":true,"href":"https:\/\/corrientesdetarde.com\/index.php\/wp-json\/wp\/v2\/users\/8"}],"replies":[{"embeddable":true,"href":"https:\/\/corrientesdetarde.com\/index.php\/wp-json\/wp\/v2\/comments?post=135568"}],"version-history":[{"count":1,"href":"https:\/\/corrientesdetarde.com\/index.php\/wp-json\/wp\/v2\/posts\/135568\/revisions"}],"predecessor-version":[{"id":135570,"href":"https:\/\/corrientesdetarde.com\/index.php\/wp-json\/wp\/v2\/posts\/135568\/revisions\/135570"}],"wp:featuredmedia":[{"embeddable":true,"href":"https:\/\/corrientesdetarde.com\/index.php\/wp-json\/wp\/v2\/media\/135569"}],"wp:attachment":[{"href":"https:\/\/corrientesdetarde.com\/index.php\/wp-json\/wp\/v2\/media?parent=135568"}],"wp:term":[{"taxonomy":"category","embeddable":true,"href":"https:\/\/corrientesdetarde.com\/index.php\/wp-json\/wp\/v2\/categories?post=135568"},{"taxonomy":"post_tag","embeddable":true,"href":"https:\/\/corrientesdetarde.com\/index.php\/wp-json\/wp\/v2\/tags?post=135568"}],"curies":[{"name":"wp","href":"https:\/\/api.w.org\/{rel}","templated":true}]}}