{"id":135574,"date":"2024-03-25T14:32:50","date_gmt":"2024-03-25T17:32:50","guid":{"rendered":"https:\/\/corrientesdetarde.com\/?p=135574"},"modified":"2024-03-25T14:33:01","modified_gmt":"2024-03-25T17:33:01","slug":"cuanto-cobrara-un-jubilado-en-abril-tras-el-aumento-que-oficializo-el-gobierno","status":"publish","type":"post","link":"https:\/\/corrientesdetarde.com\/index.php\/economia\/cuanto-cobrara-un-jubilado-en-abril-tras-el-aumento-que-oficializo-el-gobierno\/","title":{"rendered":"Cu\u00e1nto cobrar\u00e1 un jubilado en abril tras el aumento que oficializ\u00f3 el Gobierno"},"content":{"rendered":"\n<p>Conoc\u00e9 lo que percibir\u00e1n los jubilados y pensionados que reciben el pago de la ANSES.<\/p>\n\n\n\n<p>Un\u00a0<strong>jubilado\u00a0<\/strong>que cobra el haber m\u00ednimo en la ANSES recibir\u00e1 en abril\u00a0<strong>$204.445<\/strong>, entre el bono y el haber, con una recomposici\u00f3n<strong>\u00a0del 12,5%<\/strong>\u00a0correspondiente a los meses de enero y febrero. Esto se debe a que el Gobierno confirm\u00f3 en el decreto 274\/24 la \u00a0nueva f\u00f3rmula de movilidad jubilatoria.<\/p>\n\n\n\n<p>La misma se ajustar\u00e1 por&nbsp;<strong>inflaci\u00f3n<\/strong>, bas\u00e1ndose en el \u00cdndice de Precios al Consumidor (IPC) del INDEC, desde julio. Adem\u00e1s, se&nbsp;<strong>seguir\u00e1 pagando el bono de $70.000 con un tope de $204.445<\/strong>.<\/p>\n\n\n\n<p>Los siguientes montos son los que&nbsp;<strong>cobra un jubilado en abril<\/strong>, desde el haber m\u00ednimo hasta el m\u00e1ximo, tras el aumento del 12,5% del Gobierno:<\/p>\n\n\n\n<ul class=\"wp-block-list\">\n<li>La jubilaci\u00f3n m\u00ednima:&nbsp;<strong>$150.578&nbsp;<\/strong>y a esto se le suma el bono de $53.867 (ya que no se cobran $70.000 por el tope de $204.445), lo que es un total de&nbsp;<strong>$204.445<\/strong>.<\/li>\n\n\n\n<li>La jubilaci\u00f3n m\u00e1xima:&nbsp;<strong>$1.152.122,13;<\/strong><\/li>\n\n\n\n<li>La prestaci\u00f3n universal de adultos mayores (PUAM):&nbsp;<strong>$136.972,87;<\/strong><\/li>\n\n\n\n<li>Las pensiones no contributivas (PNC):\u00a0<strong>$119.851,53.<\/strong><\/li>\n<\/ul>\n\n\n\n<p>Sumado al aumento que se aplicar\u00e1 en abril, tambi\u00e9n se otorgar\u00e1 un&nbsp;<strong>adelanto del ajuste correspondiente a junio en mayo<\/strong>. Luego, en junio, se realizar\u00e1 un incremento basado en los lineamientos establecidos en el art\u00edculo 32 de la Ley N\u00b0 24.241.<\/p>\n\n\n\n<figure class=\"wp-block-image\"><img decoding=\"async\" src=\"https:\/\/tn.com.ar\/resizer\/Ppf7MIQEoxNGW_uRbT6ELdmGY24=\/767x0\/smart\/filters:format(webp)\/cloudfront-us-east-1.images.arcpublishing.com\/artear\/FL4FIBS2F5DSJNSRKANXI2OOHU.png\" alt=\"Cu\u00e1nto cobrar\u00e1 un jubilado en abril tras el aumento que oficializ\u00f3 el Gobierno  (Fotos: ElDoce \/ ANSES)\"\/><\/figure>\n\n\n\n<h2 class=\"wp-block-heading\">Aumento a jubilados: cu\u00e1les son los puntos m\u00e1s importantes del DNU del Gobierno<\/h2>\n\n\n\n<ul class=\"wp-block-list\">\n<li>El DNU del Gobierno establece: \u201c<strong>Los haberes se actualizar\u00e1n mensualmente<\/strong>&nbsp;de acuerdo con las variaciones del Nivel General del \u00cdndice de Precios al Consumidor Nacional publicado por el INSTITUTO NACIONAL DE ESTAD\u00cdSTICA Y CENSOS (INDEC)\u201d.<\/li>\n\n\n\n<li>Luego agrega como ejemplo: \u201cEn julio de 2024 se abonar\u00e1 la variaci\u00f3n del \u00cdndice de Precios al Consumidor correspondiente a mayo de 2024. En agosto se abonar\u00e1 la variaci\u00f3n correspondiente a junio, y as\u00ed sucesivamente\u201d.<\/li>\n\n\n\n<li>Sobre el&nbsp;<strong>adelanto que habr\u00e1 en mayo correspondiente a junio<\/strong>: \u201cSer\u00e1n a cuenta de la movilidad a pagar en junio de 2024 conforme el \u00edndice que se obtendr\u00e1 de acuerdo a la f\u00f3rmula de movilidad vigente a la fecha del dictado del presente. Una vez obtenido el porcentaje que surja de esta, se descontar\u00e1n los puntos porcentuales de los incrementos acumulados que la persona beneficiaria hubiera percibido\u201d, establece la medida.<\/li>\n\n\n\n<li>Y aclara el decreto: \u201cEn caso de que estos superen el aumento calculado seg\u00fan la f\u00f3rmula mencionada en el primer p\u00e1rrafo de este art\u00edculo, no se descontar\u00e1 la diferencia, la que se considerar\u00e1 incorporada al haber. Si fueran menores a dicho aumento, se abonar\u00e1 la diferencia resultante\u201d.<\/li>\n<\/ul>\n","protected":false},"excerpt":{"rendered":"<p>Conoc\u00e9 lo que percibir\u00e1n los jubilados y pensionados que reciben el pago de la ANSES. Un\u00a0jubilado\u00a0que cobra el haber m\u00ednimo en la ANSES recibir\u00e1 en abril\u00a0$204.445, entre el bono y&hellip; <\/p>\n","protected":false},"author":8,"featured_media":135575,"comment_status":"closed","ping_status":"open","sticky":false,"template":"","format":"standard","meta":{"footnotes":""},"categories":[20],"tags":[],"class_list":["post-135574","post","type-post","status-publish","format-standard","has-post-thumbnail","hentry","category-economia"],"_links":{"self":[{"href":"https:\/\/corrientesdetarde.com\/index.php\/wp-json\/wp\/v2\/posts\/135574","targetHints":{"allow":["GET"]}}],"collection":[{"href":"https:\/\/corrientesdetarde.com\/index.php\/wp-json\/wp\/v2\/posts"}],"about":[{"href":"https:\/\/corrientesdetarde.com\/index.php\/wp-json\/wp\/v2\/types\/post"}],"author":[{"embeddable":true,"href":"https:\/\/corrientesdetarde.com\/index.php\/wp-json\/wp\/v2\/users\/8"}],"replies":[{"embeddable":true,"href":"https:\/\/corrientesdetarde.com\/index.php\/wp-json\/wp\/v2\/comments?post=135574"}],"version-history":[{"count":1,"href":"https:\/\/corrientesdetarde.com\/index.php\/wp-json\/wp\/v2\/posts\/135574\/revisions"}],"predecessor-version":[{"id":135576,"href":"https:\/\/corrientesdetarde.com\/index.php\/wp-json\/wp\/v2\/posts\/135574\/revisions\/135576"}],"wp:featuredmedia":[{"embeddable":true,"href":"https:\/\/corrientesdetarde.com\/index.php\/wp-json\/wp\/v2\/media\/135575"}],"wp:attachment":[{"href":"https:\/\/corrientesdetarde.com\/index.php\/wp-json\/wp\/v2\/media?parent=135574"}],"wp:term":[{"taxonomy":"category","embeddable":true,"href":"https:\/\/corrientesdetarde.com\/index.php\/wp-json\/wp\/v2\/categories?post=135574"},{"taxonomy":"post_tag","embeddable":true,"href":"https:\/\/corrientesdetarde.com\/index.php\/wp-json\/wp\/v2\/tags?post=135574"}],"curies":[{"name":"wp","href":"https:\/\/api.w.org\/{rel}","templated":true}]}}