{"id":135577,"date":"2024-03-25T15:03:51","date_gmt":"2024-03-25T18:03:51","guid":{"rendered":"https:\/\/corrientesdetarde.com\/?p=135577"},"modified":"2024-03-25T15:04:04","modified_gmt":"2024-03-25T18:04:04","slug":"el-ministerio-de-seguridad-cree-que-la-amenaza-a-di-maria-esta-vinculada-a-una-guerra-entre-hinchadas","status":"publish","type":"post","link":"https:\/\/corrientesdetarde.com\/index.php\/nacionales\/el-ministerio-de-seguridad-cree-que-la-amenaza-a-di-maria-esta-vinculada-a-una-guerra-entre-hinchadas\/","title":{"rendered":"El ministerio de Seguridad cree que la amenaza a Di Mar\u00eda est\u00e1 vinculada a una guerra entre hinchadas"},"content":{"rendered":"\n<p>La ministra Patricia Bullrich descarta que los narcos est\u00e9n detr\u00e1s de la intimidaci\u00f3n a los familiares del futbolista de la Selecci\u00f3n.<\/p>\n\n\n\n<p><a href=\"https:\/\/tn.com.ar\/autor\/Fernanda+Alonso\/\"><\/a>\u201cCreemos que la amenaza a \u00a0\u00c1ngel Di Mar\u00eda\u00a0tiene que ver con una guerra de hinchadas despu\u00e9s de que Di Mar\u00eda dijo que volver\u00eda a jugar a Rosario Central\u201d. Entre llamada y llamada con colaboradores,\u00a0<strong>Patricia Bullrich<\/strong>\u00a0hilvanaba una hip\u00f3tesis sobre\u00a0<strong>la noticia que volvi\u00f3 a poner a la Rosario narco en la agenda medi\u00e1tica<\/strong>: \u00a0un an\u00f3nimo envuelto en papel de nylon\u00a0negro  que un auto gris tir\u00f3 en la puerta del chalet del delantero de la Selecci\u00f3n, en un country en Funes. La leyenda -que el Gobierno hubiese preferido que no trascendiera- es m\u00e1s que intimidante y en resumen dec\u00eda: \u201c<em>Ni Pullaro te va a salvar\u201d.<\/em><\/p>\n\n\n\n<p>Hace apenas una semana, Di Mar\u00eda hab\u00eda hablado sobre el narcoterrorismo: \u201cSer\u00eda un sue\u00f1o poder volver, lo voy a decir siempre. \u00daltimamente,<strong>\u00a0estuve viendo lo que pas\u00f3 en Rosario, eso te influye mucho en la familia<\/strong>. Tengo a mis viejos y a mis hermanas ah\u00ed,\u00a0<strong>lo que estuvo pasando me afecta, me choca un mont\u00f3n<\/strong>. Pero\u00a0<strong>las ganas, las ilusiones<\/strong>\u00a0<strong>y el deseo<\/strong>\u00a0<strong>siempre est\u00e1n<\/strong>\u201d, le dijo a\u00a0<em>ESPN.<\/em><\/p>\n\n\n\n<p>No era la primera vez que Di Mar\u00eda opinaba sobre la crisis de seguridad. El 11 de marzo hab\u00eda posteado&nbsp;<strong>un contundente mensaje ante la ola de asesinatos<\/strong>&nbsp;en Rosario cuando un sicario acribill\u00f3 al playero Bruno Brussanich. \u201cPedimos paz\u201d, fue la leyenda con la imagen de una marcha en blanco y negro y una cinta de luto envuelta al Monumento de la Bandera.<\/p>\n\n\n\n<p>El crimen vinculado a la venta de drogas mut\u00f3 de peleas entre bandas a cobrarse la vida de vecinos inocentes. El cimbronazo medi\u00e1tico ahora golpea con una amenaza a un astro del f\u00fatbol. \u201cBuscan impacto porque hace tres semanas que estamos dando un golpe muy fuerte a las mafias\u201d, dec\u00eda Bullrich entre los suyos mientras volv\u00eda esta ma\u00f1ana de Fuerte Apache y estaba por comunicarse con el gobernador de Santa Fe<strong>&nbsp;Maximiliano Pullaro<\/strong>. \u201cVoy contando los d\u00edas y, hoy, al 25 de marzo hay cinco cr\u00edmenes, el a\u00f1o pasado eran treinta y pico. Pero el problema es el impacto medi\u00e1tico por las caracter\u00edsticas de los casos\u201d, analizaba la ministra.<\/p>\n\n\n\n<p>La amenaza a Di Mar\u00eda surge en medio de la tirantez expuesta entre Bullrich y\u00a0<strong>Victoria Villarruel\u00a0<\/strong>por la reforma a la ley de Seguridad Interior para que las Fuerzas Armadas act\u00faen contra el narcotr\u00e1fico.\u00a0 En una entrevista con Joni Viale en\u00bfLa ves?,  Villarruel rechaz\u00f3 la reforma impulsada por la ministra y su par de Defensa, Luis Petri.<\/p>\n\n\n\n<figure class=\"wp-block-image\"><img decoding=\"async\" src=\"https:\/\/tn.com.ar\/resizer\/gefaBEDXwGNq6qF_mGNZYF2-9xQ=\/767x0\/smart\/filters:format(webp)\/cloudfront-us-east-1.images.arcpublishing.com\/artear\/4K6WAELV3VFEFAH662HOTLA2WU.jpg\" alt=\"El pedido de Di Mar\u00eda ante la ola de asesinatos en Rosario. (Foto: Instagram @angeldimariajm)\"\/><\/figure>\n\n\n\n<p>Seg\u00fan pudo saber\u00a0, pese a todo,\u00a0<strong>Bullrich decidi\u00f3 avanzar: envi\u00f3 el proyecto de ley a Legal y T\u00e9cnica\u00a0<\/strong>para que pase el filtro antes de recalar en el Congreso. Adem\u00e1s, inici\u00f3\u00a0<strong>una ronda de encuentro con diputados\u00a0<\/strong>para lograr los consensos sobre la reforma. A diferencia de los encuentros que llev\u00f3 adelante la semana pasada el ministro del Interior\u00a0<strong>Guillermo Francos<\/strong>, con los bloques del oficialismo y de la oposici\u00f3n dialoguista, son<strong>\u00a0a puertas cerradas<\/strong>. Esta tarde, la ministra ten\u00eda en agenda una reuni\u00f3n con integrantes de la bancada del\u00a0<strong>PRO\u00a0<\/strong>que conduce Cristian Ritondo.<\/p>\n\n\n\n<h2 class=\"wp-block-heading\">C\u00f3mo es el proyecto para que las Fuerzas Armadas act\u00faen contra el narcoterrorismo<\/h2>\n\n\n\n<p>Ley de Seguridad Interior prev\u00e9 dos posibilidades de accionar de las Fuerzas Armadas, definidos por los<strong>&nbsp;art\u00edculos 27 y 31.<\/strong><\/p>\n\n\n\n<p>El art\u00edculo 27 dispone que \u201cel Ministerio de Defensa dispondr\u00e1 en caso de requerimiento del Comit\u00e9 de Crisis- que las fuerzas armadas apoyen las operaciones de seguridad interior mediante la afectaci\u00f3n a solicitud del mismo, de sus servicios de arsenales, intendencia, sanidad, veterinaria, construcciones y transporte, as\u00ed como de elementos de ingenieros y comunicaciones, para lo cual se contar\u00e1 en forma permanente con un representante del Estado Mayor Conjunto en el Centro de Planeamiento y Control de la Subsecretar\u00eda de Seguridad Interior\u201d.<\/p>\n\n\n\n<p>El art\u00edculo 31 se\u00f1ala que \u201csin perjuicio del apoyo establecido en el art\u00edculo 27, las fuerzas armadas ser\u00e1n empleadas en el restablecimiento de la seguridad interior dentro del territorio nacional, en aquellos casos excepcionales en que el sistema de seguridad interior descrito en esta ley resulte insuficiente a criterio del Presidente de la Naci\u00f3n para el cumplimiento de los objetivos establecidos en el art\u00edculo 2\u00ba\u201d.<\/p>\n\n\n\n<p>El Gobierno pretende&nbsp;<strong>reformar el art\u00edculo 27 para incluir el narcoterrorismo<\/strong>. No sin&nbsp;<strong>internas<\/strong>&nbsp;abiertas. El jefe de Gabinete Nicol\u00e1s Posse quiere avanzar, a trav\u00e9s del interventor de la AFI, con la unificaci\u00f3n de la inteligencia militar con la criminal. Es sacarle un \u00e1rea clave y sensible a Bullrich. Tambi\u00e9n subyace la puja entre Naci\u00f3n y Santa Fe. Un poco cansada del tema, Bullrich descarg\u00f3 en la intimidad: \u201cNosotros mandamos 2800 agentes, por qu\u00e9 no preguntan cu\u00e1ntos aport\u00f3 la provincia. \u00bfEh, eh?\u201d.<\/p>\n\n\n\n<p><\/p>\n","protected":false},"excerpt":{"rendered":"<p>La ministra Patricia Bullrich descarta que los narcos est\u00e9n detr\u00e1s de la intimidaci\u00f3n a los familiares del futbolista de la Selecci\u00f3n. \u201cCreemos que la amenaza a \u00a0\u00c1ngel Di Mar\u00eda\u00a0tiene que&hellip; <\/p>\n","protected":false},"author":8,"featured_media":135579,"comment_status":"closed","ping_status":"open","sticky":false,"template":"","format":"standard","meta":{"footnotes":""},"categories":[10],"tags":[],"class_list":["post-135577","post","type-post","status-publish","format-standard","has-post-thumbnail","hentry","category-nacionales"],"_links":{"self":[{"href":"https:\/\/corrientesdetarde.com\/index.php\/wp-json\/wp\/v2\/posts\/135577","targetHints":{"allow":["GET"]}}],"collection":[{"href":"https:\/\/corrientesdetarde.com\/index.php\/wp-json\/wp\/v2\/posts"}],"about":[{"href":"https:\/\/corrientesdetarde.com\/index.php\/wp-json\/wp\/v2\/types\/post"}],"author":[{"embeddable":true,"href":"https:\/\/corrientesdetarde.com\/index.php\/wp-json\/wp\/v2\/users\/8"}],"replies":[{"embeddable":true,"href":"https:\/\/corrientesdetarde.com\/index.php\/wp-json\/wp\/v2\/comments?post=135577"}],"version-history":[{"count":1,"href":"https:\/\/corrientesdetarde.com\/index.php\/wp-json\/wp\/v2\/posts\/135577\/revisions"}],"predecessor-version":[{"id":135581,"href":"https:\/\/corrientesdetarde.com\/index.php\/wp-json\/wp\/v2\/posts\/135577\/revisions\/135581"}],"wp:featuredmedia":[{"embeddable":true,"href":"https:\/\/corrientesdetarde.com\/index.php\/wp-json\/wp\/v2\/media\/135579"}],"wp:attachment":[{"href":"https:\/\/corrientesdetarde.com\/index.php\/wp-json\/wp\/v2\/media?parent=135577"}],"wp:term":[{"taxonomy":"category","embeddable":true,"href":"https:\/\/corrientesdetarde.com\/index.php\/wp-json\/wp\/v2\/categories?post=135577"},{"taxonomy":"post_tag","embeddable":true,"href":"https:\/\/corrientesdetarde.com\/index.php\/wp-json\/wp\/v2\/tags?post=135577"}],"curies":[{"name":"wp","href":"https:\/\/api.w.org\/{rel}","templated":true}]}}