{"id":135582,"date":"2024-03-25T15:07:50","date_gmt":"2024-03-25T18:07:50","guid":{"rendered":"https:\/\/corrientesdetarde.com\/?p=135582"},"modified":"2024-03-25T15:08:01","modified_gmt":"2024-03-25T18:08:01","slug":"vinicius-hablo-del-racismo-que-sufre-y-se-quebro-en-una-conferencia-cada-dia-tengo-menos-ganas-de-jugar","status":"publish","type":"post","link":"https:\/\/corrientesdetarde.com\/index.php\/deportes\/vinicius-hablo-del-racismo-que-sufre-y-se-quebro-en-una-conferencia-cada-dia-tengo-menos-ganas-de-jugar\/","title":{"rendered":"Vinicius habl\u00f3 del racismo que sufre y se quebr\u00f3 en una conferencia: \u201dCada d\u00eda tengo menos ganas de jugar\u201d"},"content":{"rendered":"\n<p>El extremo brasile\u00f1o no logr\u00f3 aguantar las l\u00e1grimas tras varias preguntas que recibi\u00f3 en la conferencia de presa previa al pr\u00f3ximo encuentro de Brasil ante Espa\u00f1a. \u201cLa lucha contra el racismo es important\u00edsima\u201d, sostuvo.<\/p>\n\n\n\n<p>En la previa del partido amistoso entre\u00a0<strong>Brasil y Espa\u00f1a<\/strong>\u00a0en el estadio Santiago Bernab\u00e9u del pr\u00f3ximo martes 26 de marzo a las 17.30 (hora de Argentina),\u00a0Vinicius\u00a0habl\u00f3 en conferencia de prensa. Sin embargo, algunas preguntas sobre el\u00a0racismo\u00a0quebraron emocionalmente al extremo del\u00a0Real Madrid, quien comenz\u00f3 a llorar y comparti\u00f3 una reflexi\u00f3n profunda.<\/p>\n\n\n\n<p><strong>\u201cRecibir insultos es algo bastante triste, es algo que pasa aqu\u00ed en cada partido, en cada d\u00eda.\u00a0<\/strong>Cada denuncia m\u00eda me pone muy triste. Pero como a todos los negros que est\u00e1n en el mundo, es algo triste.\u00a0<strong>A mi padre tambi\u00e9n le pasaba, escog\u00edan a un blanco antes que a un negro.\u00a0<\/strong>Esto es algo que est\u00e1 sucediendo. No s\u00f3lo en Espa\u00f1a, tambi\u00e9n en el mundo. Lucho para que en el futuro pr\u00f3ximo no le vuelva a pasar a nadie\u201d, comenz\u00f3.<\/p>\n\n\n\n<figure class=\"wp-block-image\"><img decoding=\"async\" src=\"https:\/\/tn.com.ar\/resizer\/sd8hY5N27uRpvGtkQ4zjZyPjL80=\/767x0\/smart\/filters:format(webp)\/cloudfront-us-east-1.images.arcpublishing.com\/artear\/LR5IN67LONHW3B7NM4HBQ4LDQ4.jfif\" alt=\"Vinicius no logr\u00f3 contener las l\u00e1grimas en la conferencia de prensa en la previa del partido de Brasil ante Espa\u00f1a. (Foto: EFE).\"\/><\/figure>\n\n\n\n<p>Y al tratar de continuar con su respuesta, el brasile\u00f1o empez\u00f3 a llorar: \u201cAgradezco a todos los jugadores espa\u00f1oles que siempre me est\u00e1n apoyando. No s\u00f3lo en Espa\u00f1a, en todos los lugares hay mucho racismo. Cada vez m\u00e1s muchos me han mostrado su apoyo.\u00a0<strong>Espero que en el futuro esto cada vez vaya a menos y haya menos gente que pase por esto.\u00a0<\/strong>Llevo mucho tiempo viendo esto, y cada vez me siento m\u00e1s triste, cada vez tengo menos voluntad de jugar.<strong>\u00a0Nadie me est\u00e1 apoyando\u201d<\/strong>.<\/p>\n\n\n\n<p>En un momento, Vini se llev\u00f3 la mano a la cara para secarse las l\u00e1grimas, y las personas presentes en la sala de prensa comenzaron a aplaudir.. \u201c<strong>La falta de castigo es lo que m\u00e1s me frustra, que todas esas personas se vayan sin que pase nada despu\u00e9s de lo que hace nada<\/strong>. Con cada denuncia me voy sintiendo peor, pero tengo que aparecer aqu\u00ed y dar la cara. Voy a seguir jugando en el mejor club del mundo, marcando muchos goles para que me sigan viendo.&nbsp;<strong>Los racistas son minor\u00eda<\/strong>\u201d, continu\u00f3.<\/p>\n\n\n\n<figure class=\"wp-block-image\"><img decoding=\"async\" src=\"https:\/\/tn.com.ar\/resizer\/eVowQc1ERKNgVPSxl1mYqtEx7xY=\/767x0\/smart\/filters:format(webp)\/thumbs.vodgc.net\/1-14-3qvkYX1711384969361_720P.jpg\" alt=\"Video Placeholder\"\/><\/figure>\n\n\n\n<p>\u201c<strong>Podemos estar todos juntos, defendiendo que las cosas pueden cambiar<\/strong>. Nosotros que somos negros sabemos que tenemos que hacer el doble. Si estamos juntos ser\u00e1 mejor. Tenemos que estar juntos porque hay gente que nos apoya pero no tiene tanta fuerza como nosotros. S\u00f3lo los negros sabemos lo que pasamos\u201d, cerr\u00f3.<\/p>\n","protected":false},"excerpt":{"rendered":"<p>El extremo brasile\u00f1o no logr\u00f3 aguantar las l\u00e1grimas tras varias preguntas que recibi\u00f3 en la conferencia de presa previa al pr\u00f3ximo encuentro de Brasil ante Espa\u00f1a. \u201cLa lucha contra el&hellip; <\/p>\n","protected":false},"author":8,"featured_media":135583,"comment_status":"closed","ping_status":"open","sticky":false,"template":"","format":"standard","meta":{"footnotes":""},"categories":[4],"tags":[],"class_list":["post-135582","post","type-post","status-publish","format-standard","has-post-thumbnail","hentry","category-deportes"],"_links":{"self":[{"href":"https:\/\/corrientesdetarde.com\/index.php\/wp-json\/wp\/v2\/posts\/135582","targetHints":{"allow":["GET"]}}],"collection":[{"href":"https:\/\/corrientesdetarde.com\/index.php\/wp-json\/wp\/v2\/posts"}],"about":[{"href":"https:\/\/corrientesdetarde.com\/index.php\/wp-json\/wp\/v2\/types\/post"}],"author":[{"embeddable":true,"href":"https:\/\/corrientesdetarde.com\/index.php\/wp-json\/wp\/v2\/users\/8"}],"replies":[{"embeddable":true,"href":"https:\/\/corrientesdetarde.com\/index.php\/wp-json\/wp\/v2\/comments?post=135582"}],"version-history":[{"count":1,"href":"https:\/\/corrientesdetarde.com\/index.php\/wp-json\/wp\/v2\/posts\/135582\/revisions"}],"predecessor-version":[{"id":135584,"href":"https:\/\/corrientesdetarde.com\/index.php\/wp-json\/wp\/v2\/posts\/135582\/revisions\/135584"}],"wp:featuredmedia":[{"embeddable":true,"href":"https:\/\/corrientesdetarde.com\/index.php\/wp-json\/wp\/v2\/media\/135583"}],"wp:attachment":[{"href":"https:\/\/corrientesdetarde.com\/index.php\/wp-json\/wp\/v2\/media?parent=135582"}],"wp:term":[{"taxonomy":"category","embeddable":true,"href":"https:\/\/corrientesdetarde.com\/index.php\/wp-json\/wp\/v2\/categories?post=135582"},{"taxonomy":"post_tag","embeddable":true,"href":"https:\/\/corrientesdetarde.com\/index.php\/wp-json\/wp\/v2\/tags?post=135582"}],"curies":[{"name":"wp","href":"https:\/\/api.w.org\/{rel}","templated":true}]}}