{"id":135585,"date":"2024-03-25T15:12:38","date_gmt":"2024-03-25T18:12:38","guid":{"rendered":"https:\/\/corrientesdetarde.com\/?p=135585"},"modified":"2024-03-25T15:12:50","modified_gmt":"2024-03-25T18:12:50","slug":"uta-levanto-el-paro-de-colectivos","status":"publish","type":"post","link":"https:\/\/corrientesdetarde.com\/index.php\/actualidad\/uta-levanto-el-paro-de-colectivos\/","title":{"rendered":"UTA levant\u00f3 el paro de colectivos"},"content":{"rendered":"\n<p>De acuerdo a la informaci\u00f3n de la  Uni\u00f3n Tranviarios Automotor \u2013 UTA levant\u00f3 el paro de colectivos y el servicio comenzar\u00eda a normalizarse en las pr\u00f3ximas horas<\/p>\n\n\n\n<p>Luego de cuatro d\u00edas sin servicio del transporte p\u00fablico de pasajeros la Uni\u00f3n Tranviarios Automotor \u2013 UTA levant\u00f3 el paro de colectivos y en breve se normalizar\u00eda la circulaci\u00f3n de colectivos en la ciudad de Corrientes.<\/p>\n\n\n\n<p>Ante el reclamo salarial que se encontraban realizando los trabajadores en las \u00faltimas horas habr\u00edan llegado a un acuerdo de 60.000 pesos depositado en el\u00a0sueldo. El mes que viene cobrar\u00edan la nueva escalada (que ped\u00edan) y el 3 de abril se sentar\u00edan en una nueva mesa de negociaci\u00f3n.<\/p>\n","protected":false},"excerpt":{"rendered":"<p>De acuerdo a la informaci\u00f3n de la Uni\u00f3n Tranviarios Automotor \u2013 UTA levant\u00f3 el paro de colectivos y el servicio comenzar\u00eda a normalizarse en las pr\u00f3ximas horas Luego de cuatro&hellip; <\/p>\n","protected":false},"author":8,"featured_media":135586,"comment_status":"closed","ping_status":"open","sticky":false,"template":"","format":"standard","meta":{"footnotes":""},"categories":[23],"tags":[],"class_list":["post-135585","post","type-post","status-publish","format-standard","has-post-thumbnail","hentry","category-actualidad"],"_links":{"self":[{"href":"https:\/\/corrientesdetarde.com\/index.php\/wp-json\/wp\/v2\/posts\/135585","targetHints":{"allow":["GET"]}}],"collection":[{"href":"https:\/\/corrientesdetarde.com\/index.php\/wp-json\/wp\/v2\/posts"}],"about":[{"href":"https:\/\/corrientesdetarde.com\/index.php\/wp-json\/wp\/v2\/types\/post"}],"author":[{"embeddable":true,"href":"https:\/\/corrientesdetarde.com\/index.php\/wp-json\/wp\/v2\/users\/8"}],"replies":[{"embeddable":true,"href":"https:\/\/corrientesdetarde.com\/index.php\/wp-json\/wp\/v2\/comments?post=135585"}],"version-history":[{"count":1,"href":"https:\/\/corrientesdetarde.com\/index.php\/wp-json\/wp\/v2\/posts\/135585\/revisions"}],"predecessor-version":[{"id":135587,"href":"https:\/\/corrientesdetarde.com\/index.php\/wp-json\/wp\/v2\/posts\/135585\/revisions\/135587"}],"wp:featuredmedia":[{"embeddable":true,"href":"https:\/\/corrientesdetarde.com\/index.php\/wp-json\/wp\/v2\/media\/135586"}],"wp:attachment":[{"href":"https:\/\/corrientesdetarde.com\/index.php\/wp-json\/wp\/v2\/media?parent=135585"}],"wp:term":[{"taxonomy":"category","embeddable":true,"href":"https:\/\/corrientesdetarde.com\/index.php\/wp-json\/wp\/v2\/categories?post=135585"},{"taxonomy":"post_tag","embeddable":true,"href":"https:\/\/corrientesdetarde.com\/index.php\/wp-json\/wp\/v2\/tags?post=135585"}],"curies":[{"name":"wp","href":"https:\/\/api.w.org\/{rel}","templated":true}]}}