{"id":135588,"date":"2024-03-25T15:21:28","date_gmt":"2024-03-25T18:21:28","guid":{"rendered":"https:\/\/corrientesdetarde.com\/?p=135588"},"modified":"2024-03-25T15:21:40","modified_gmt":"2024-03-25T18:21:40","slug":"filas-de-hasta-cinco-horas-en-las-estaciones-la-bronca-de-los-usuarios-por-las-demoras-para-registrar-la-sube","status":"publish","type":"post","link":"https:\/\/corrientesdetarde.com\/index.php\/sociales\/filas-de-hasta-cinco-horas-en-las-estaciones-la-bronca-de-los-usuarios-por-las-demoras-para-registrar-la-sube\/","title":{"rendered":"Filas de hasta cinco horas en las estaciones: la bronca de los usuarios por las demoras para registrar la SUBE"},"content":{"rendered":"\n<p>En la estaci\u00f3n Constituci\u00f3n las personas esperaban al grito de \u201catiendan, atiendan\u201d. \u201cEs una falta total y absoluta de respeto\u201d, dicen.<\/p>\n\n\n\n<p>Entre quejas y protestas, cientos de usuarios de transporte intentaban registrar sus tarjetas SUBE este lunes antes del 1\u00b0 de abril, cuando el Gobierno dispuso que cobrar\u00e1 una tarifa m\u00e1s elevada para quienes no hayan realizado el tr\u00e1mite.<\/p>\n\n\n\n<p>En una oficina de ANSES ubicada en el subsuelo de la terminal de Constituci\u00f3n, en la Ciudad de Buenos Aires, usuarios protestaron por las demoras que, dijeron, llegan hasta 5 horas.<\/p>\n\n\n\n<p>Al grito de \u201catiendan, atiendan\u201d, algunos usuarios reclamaron agilizar el tr\u00e1mite y denunciaron la presencia de adultos mayores, sin agua y de pie, mientras aguardaban ser atendidos desde las primeras horas de la ma\u00f1ana.<\/p>\n\n\n\n<h2 class=\"wp-block-heading\">\u201cEs una falta total y absoluta de respeto\u201d<\/h2>\n\n\n\n<p>Una mujer que hac\u00eda la fila le dijo a&nbsp;<strong>TN<\/strong>&nbsp;que esperaba desde hac\u00eda 5 horas en la fila.<\/p>\n\n\n\n<p>\u201cHay gente mayor. Gente grande que no tiene agua y donde sentarse. Es una falta total y absoluta de respeto. Una desidia a la gente\u201d, indic\u00f3.<\/p>\n\n\n\n<figure class=\"wp-block-image is-resized\"><img decoding=\"async\" src=\"https:\/\/tn.com.ar\/resizer\/JN1FqboT8vV_KXDLGGnwjDmd3PY=\/767x0\/smart\/filters:format(webp)\/cloudfront-us-east-1.images.arcpublishing.com\/artear\/KAV54IDNPBH5VP5VYLKO6Z5JKE.png\" alt=\"Quejas ante la demora en registrar la SUBE (Foto: NA).\" style=\"width:767px;height:auto\"\/><\/figure>\n\n\n\n<p>Seg\u00fan cont\u00f3, solo hay ocho personas atendiendo. \u201cEs una cargada, sinceramente\u201d, afirm\u00f3. \u201cYo intent\u00e9 por todos los medios (registrar la SUBE) para no venir hasta ac\u00e1 y no hubo manera. Por esto estoy ac\u00e1. Hay gente mayor, no dan agua, no dan asiento, no dan nada\u201d, enfatiz\u00f3.<\/p>\n\n\n\n<p>Aquellos usuarios que no registren su tarjeta hasta el 1\u00b0 de abril, empezar\u00e1n a pagar, en algunos casos, hasta casi el doble del precio actual de la tarifa. Despu\u00e9s de esa fecha se podr\u00e1 registrar la SUBE en los lugares habilitados o v\u00eda online, pero mientras no lo hagan deber\u00e1n pagar fuertes aumentos en el valor de los boletos de transporte.<\/p>\n","protected":false},"excerpt":{"rendered":"<p>En la estaci\u00f3n Constituci\u00f3n las personas esperaban al grito de \u201catiendan, atiendan\u201d. \u201cEs una falta total y absoluta de respeto\u201d, dicen. Entre quejas y protestas, cientos de usuarios de transporte&hellip; <\/p>\n","protected":false},"author":8,"featured_media":135589,"comment_status":"closed","ping_status":"open","sticky":false,"template":"","format":"standard","meta":{"footnotes":""},"categories":[17],"tags":[],"class_list":["post-135588","post","type-post","status-publish","format-standard","has-post-thumbnail","hentry","category-sociales"],"_links":{"self":[{"href":"https:\/\/corrientesdetarde.com\/index.php\/wp-json\/wp\/v2\/posts\/135588","targetHints":{"allow":["GET"]}}],"collection":[{"href":"https:\/\/corrientesdetarde.com\/index.php\/wp-json\/wp\/v2\/posts"}],"about":[{"href":"https:\/\/corrientesdetarde.com\/index.php\/wp-json\/wp\/v2\/types\/post"}],"author":[{"embeddable":true,"href":"https:\/\/corrientesdetarde.com\/index.php\/wp-json\/wp\/v2\/users\/8"}],"replies":[{"embeddable":true,"href":"https:\/\/corrientesdetarde.com\/index.php\/wp-json\/wp\/v2\/comments?post=135588"}],"version-history":[{"count":1,"href":"https:\/\/corrientesdetarde.com\/index.php\/wp-json\/wp\/v2\/posts\/135588\/revisions"}],"predecessor-version":[{"id":135590,"href":"https:\/\/corrientesdetarde.com\/index.php\/wp-json\/wp\/v2\/posts\/135588\/revisions\/135590"}],"wp:featuredmedia":[{"embeddable":true,"href":"https:\/\/corrientesdetarde.com\/index.php\/wp-json\/wp\/v2\/media\/135589"}],"wp:attachment":[{"href":"https:\/\/corrientesdetarde.com\/index.php\/wp-json\/wp\/v2\/media?parent=135588"}],"wp:term":[{"taxonomy":"category","embeddable":true,"href":"https:\/\/corrientesdetarde.com\/index.php\/wp-json\/wp\/v2\/categories?post=135588"},{"taxonomy":"post_tag","embeddable":true,"href":"https:\/\/corrientesdetarde.com\/index.php\/wp-json\/wp\/v2\/tags?post=135588"}],"curies":[{"name":"wp","href":"https:\/\/api.w.org\/{rel}","templated":true}]}}