{"id":13559,"date":"2022-10-22T18:19:45","date_gmt":"2022-10-22T21:19:45","guid":{"rendered":"https:\/\/corrientesdetarde.com\/?p=13559"},"modified":"2022-10-22T18:19:49","modified_gmt":"2022-10-22T21:19:49","slug":"la-virgen-de-lujan-llego-a-la-basilica-de-itati","status":"publish","type":"post","link":"https:\/\/corrientesdetarde.com\/index.php\/cultura\/la-virgen-de-lujan-llego-a-la-basilica-de-itati\/","title":{"rendered":"<strong>La Virgen de Luj\u00e1n lleg\u00f3 a la Bas\u00edlica de Itat\u00ed<\/strong>"},"content":{"rendered":"\n<p>El santuario de Nuestra Se\u00f1ora de Itat\u00ed se visti\u00f3 de fiesta para recibir a la Virgen de Luj\u00e1n peregrina, que desde agosto recorre los hogares de Cristo del pa\u00eds.&nbsp;<\/p>\n\n\n\n<p>El santuario de Nuestra Se\u00f1ora de Itat\u00ed en Corrientes, se visti\u00f3 de fiesta para recibir este fin de semana a la Virgen de Luj\u00e1n peregrina, que desde agosto recorre los Hogares de Cristo del pa\u00eds en el marco de la caminata por el 15\u00b0 aniversario de la instituci\u00f3n, que lleva el lema #NiUnPibeMenosPorLaDroga.<\/p>\n\n\n\n<p>La imagen de la Virgen lleg\u00f3 a las 10 de este s\u00e1bado y hubo una procesi\u00f3n hasta la bas\u00edlica de Itat\u00ed. Por la tarde, a las 16.30, la Virgen saldr\u00e1 de misi\u00f3n por el pueblo, y a las 18.30 comenzar\u00e1 la animaci\u00f3n para preparar la celebraci\u00f3n de la Eucarist\u00eda, que ser\u00e1 a las 19.<\/p>\n\n\n\n<p>Finalizada la misa, a las 22 habr\u00e1 un festival en el atrio de la bas\u00edlica.<\/p>\n\n\n\n<p>El domingo 23 de octubre, la misi\u00f3n ser\u00e1 por la ma\u00f1ana, desde las 9. A las 15, se llevar\u00e1 a cabo una caminata a la vera del R\u00edo Paran\u00e1.<\/p>\n","protected":false},"excerpt":{"rendered":"<p>El santuario de Nuestra Se\u00f1ora de Itat\u00ed se visti\u00f3 de fiesta para recibir a la Virgen de Luj\u00e1n peregrina, que desde agosto recorre los hogares de Cristo del pa\u00eds.&nbsp; El&hellip; <\/p>\n","protected":false},"author":1,"featured_media":13560,"comment_status":"closed","ping_status":"open","sticky":false,"template":"","format":"standard","meta":{"footnotes":""},"categories":[15],"tags":[],"class_list":["post-13559","post","type-post","status-publish","format-standard","has-post-thumbnail","hentry","category-cultura"],"_links":{"self":[{"href":"https:\/\/corrientesdetarde.com\/index.php\/wp-json\/wp\/v2\/posts\/13559","targetHints":{"allow":["GET"]}}],"collection":[{"href":"https:\/\/corrientesdetarde.com\/index.php\/wp-json\/wp\/v2\/posts"}],"about":[{"href":"https:\/\/corrientesdetarde.com\/index.php\/wp-json\/wp\/v2\/types\/post"}],"author":[{"embeddable":true,"href":"https:\/\/corrientesdetarde.com\/index.php\/wp-json\/wp\/v2\/users\/1"}],"replies":[{"embeddable":true,"href":"https:\/\/corrientesdetarde.com\/index.php\/wp-json\/wp\/v2\/comments?post=13559"}],"version-history":[{"count":1,"href":"https:\/\/corrientesdetarde.com\/index.php\/wp-json\/wp\/v2\/posts\/13559\/revisions"}],"predecessor-version":[{"id":13561,"href":"https:\/\/corrientesdetarde.com\/index.php\/wp-json\/wp\/v2\/posts\/13559\/revisions\/13561"}],"wp:featuredmedia":[{"embeddable":true,"href":"https:\/\/corrientesdetarde.com\/index.php\/wp-json\/wp\/v2\/media\/13560"}],"wp:attachment":[{"href":"https:\/\/corrientesdetarde.com\/index.php\/wp-json\/wp\/v2\/media?parent=13559"}],"wp:term":[{"taxonomy":"category","embeddable":true,"href":"https:\/\/corrientesdetarde.com\/index.php\/wp-json\/wp\/v2\/categories?post=13559"},{"taxonomy":"post_tag","embeddable":true,"href":"https:\/\/corrientesdetarde.com\/index.php\/wp-json\/wp\/v2\/tags?post=13559"}],"curies":[{"name":"wp","href":"https:\/\/api.w.org\/{rel}","templated":true}]}}