{"id":13562,"date":"2022-10-22T18:21:05","date_gmt":"2022-10-22T21:21:05","guid":{"rendered":"https:\/\/corrientesdetarde.com\/?p=13562"},"modified":"2022-10-22T18:21:08","modified_gmt":"2022-10-22T21:21:08","slug":"siniestro-vial-en-corrientes-nino-de-6-anos-y-su-mama-en-grave-estado","status":"publish","type":"post","link":"https:\/\/corrientesdetarde.com\/index.php\/crimen-y-justicia\/siniestro-vial-en-corrientes-nino-de-6-anos-y-su-mama-en-grave-estado\/","title":{"rendered":"<strong>Siniestro vial en Corrientes: ni\u00f1o de 6 a\u00f1os y su mam\u00e1 en grave estado<\/strong>"},"content":{"rendered":"\n<p>El peque\u00f1o se encuentra internado en el hospital pedi\u00e1trico Juan Pablo II y la mujer fue trasladada al hospital Escuela. Se determin\u00f3 que ambas personas presentaban lesiones de<\/p>\n\n\n\n<p>car\u00e1cter grave.<\/p>\n\n\n\n<p>El hecho sucedi\u00f3 el d\u00eda de ayer alrededor de las 9 por avenida Facundo Laprida al 800. La mujer y el nene de 6 a\u00f1os circulaban en moto cuando, por causas que se tratan de establecer, se produjo el siniestro vial entre una camioneta Volskwagen Amarok, conducida por un hombre de apellido Chejovick de 69 a\u00f1os.<\/p>\n\n\n\n<p>A consecuencia de ello, el menor fue trasladado al hospital pedi\u00e1trico Juan Pablo II y la madre del peque\u00f1o al hospital Escuela donde se determin\u00f3 que ambos presentaban lesiones de car\u00e1cter grave.<\/p>\n","protected":false},"excerpt":{"rendered":"<p>El peque\u00f1o se encuentra internado en el hospital pedi\u00e1trico Juan Pablo II y la mujer fue trasladada al hospital Escuela. Se determin\u00f3 que ambas personas presentaban lesiones de car\u00e1cter grave.&hellip; <\/p>\n","protected":false},"author":1,"featured_media":13563,"comment_status":"closed","ping_status":"open","sticky":false,"template":"","format":"standard","meta":{"footnotes":""},"categories":[5],"tags":[],"class_list":["post-13562","post","type-post","status-publish","format-standard","has-post-thumbnail","hentry","category-crimen-y-justicia"],"_links":{"self":[{"href":"https:\/\/corrientesdetarde.com\/index.php\/wp-json\/wp\/v2\/posts\/13562","targetHints":{"allow":["GET"]}}],"collection":[{"href":"https:\/\/corrientesdetarde.com\/index.php\/wp-json\/wp\/v2\/posts"}],"about":[{"href":"https:\/\/corrientesdetarde.com\/index.php\/wp-json\/wp\/v2\/types\/post"}],"author":[{"embeddable":true,"href":"https:\/\/corrientesdetarde.com\/index.php\/wp-json\/wp\/v2\/users\/1"}],"replies":[{"embeddable":true,"href":"https:\/\/corrientesdetarde.com\/index.php\/wp-json\/wp\/v2\/comments?post=13562"}],"version-history":[{"count":1,"href":"https:\/\/corrientesdetarde.com\/index.php\/wp-json\/wp\/v2\/posts\/13562\/revisions"}],"predecessor-version":[{"id":13564,"href":"https:\/\/corrientesdetarde.com\/index.php\/wp-json\/wp\/v2\/posts\/13562\/revisions\/13564"}],"wp:featuredmedia":[{"embeddable":true,"href":"https:\/\/corrientesdetarde.com\/index.php\/wp-json\/wp\/v2\/media\/13563"}],"wp:attachment":[{"href":"https:\/\/corrientesdetarde.com\/index.php\/wp-json\/wp\/v2\/media?parent=13562"}],"wp:term":[{"taxonomy":"category","embeddable":true,"href":"https:\/\/corrientesdetarde.com\/index.php\/wp-json\/wp\/v2\/categories?post=13562"},{"taxonomy":"post_tag","embeddable":true,"href":"https:\/\/corrientesdetarde.com\/index.php\/wp-json\/wp\/v2\/tags?post=13562"}],"curies":[{"name":"wp","href":"https:\/\/api.w.org\/{rel}","templated":true}]}}