{"id":135924,"date":"2024-03-26T14:22:57","date_gmt":"2024-03-26T17:22:57","guid":{"rendered":"https:\/\/corrientesdetarde.com\/?p=135924"},"modified":"2024-03-26T14:23:09","modified_gmt":"2024-03-26T17:23:09","slug":"el-gobierno-anuncio-que-cambiara-el-nombre-del-centro-cultural-nestor-kirchner","status":"publish","type":"post","link":"https:\/\/corrientesdetarde.com\/index.php\/nacionales\/el-gobierno-anuncio-que-cambiara-el-nombre-del-centro-cultural-nestor-kirchner\/","title":{"rendered":"El Gobierno anunci\u00f3 que cambiar\u00e1 el nombre del Centro Cultural N\u00e9stor Kirchner"},"content":{"rendered":"\n<p>El vocero presidencial, Manuel Adorni, adelant\u00f3 que la instituci\u00f3n \u201cdejar\u00e1 de llamarse como tal\u201d. Se\u00f1al\u00f3 que todav\u00eda se est\u00e1 evaluando c\u00f3mo ser\u00e1 rebautizada.<\/p>\n\n\n\n<p>El Gobierno anunci\u00f3 que cambiar\u00e1 el nombre del Centro\u00a0<strong>Cultural N\u00e9stor Kirchner.\u00a0<\/strong>El vocero presidencial, Manuel Adorni\u00a0adelant\u00f3 que el organismo \u201cdejar\u00e1 de llamarse como tal y se le dar\u00e1 paso a\u00a0<strong>un nuevo nombre\u201d.<\/strong><\/p>\n\n\n\n<p>Adorni se refiri\u00f3 al organismo como\u00a0<strong>\u201cex Centro Cultural Kirchner\u201d,<\/strong>\u00a0en conferencia de prensa en Casa Rosada, y evit\u00f3 dar mayores precisiones sobre cu\u00e1ndo se determinar\u00e1 el cambio de nombre y cu\u00e1l ser\u00e1: \u201cCuando lo definamos lo comunicaremos, la decisi\u00f3n est\u00e1 tomada en virtud de que<strong>\u00a0no existe m\u00e1s como tal,\u00a0<\/strong>no tenemos definido el nombre\u201d.<\/p>\n\n\n\n<p>Desde La Libertad Avanza salieron a respaldar la decisi\u00f3n del Gobierno de impulsar el cambio del nombre del CCK. El Subsecretario de Prensa,&nbsp;<strong>Javier Lanari,<\/strong>&nbsp;escribi\u00f3 en su cuenta de<em>&nbsp;X:<\/em>&nbsp;\u201cOficial. El CCK dejar\u00e1 de llamarse CCK. Ning\u00fan Centro Cultural debe tener ese nombre. Razones sobran&#8230;\u201d, y el legislador porte\u00f1o,&nbsp;<strong>Ramiro Marra,&nbsp;<\/strong>se manifest\u00f3 \u201ccompletamente a favor de cambiarle el nombre al CCK\u201d, por esa misma v\u00eda.<\/p>\n\n\n\n<h2 class=\"wp-block-heading\">El frustrado intento del macrismo por cambiarle el nombre al CCK<\/h2>\n\n\n\n<p>El gobierno de&nbsp;<strong>Mauricio Macri<\/strong>&nbsp;intent\u00f3 cambiar el nombre del CCK, uno de los emblemas del kirchnerismo, a trav\u00e9s de quien fuera el titular del Sistema Federal de Medios P\u00fablicos,&nbsp;<strong>Hern\u00e1n Lombardi,<\/strong>&nbsp;pero no lo consigui\u00f3. Lombardi dijo en 2017 que como oficialismo hab\u00edan presentado un proyecto en el Congreso un proyecto para que no se pudieran poner nombres de personas a los edificios p\u00fablicos hasta que no hubieran pasado 20 a\u00f1os de su muerte, y plante\u00f3: \u201cHay una ley que le puso N\u00e9stor Carlos Kirchner (al Centro Cultural). \u00bfNos gusta ese nombre? Creemos que puede haber mejores\u201d.<\/p>\n\n\n\n<h2 class=\"wp-block-heading\">Qu\u00e9 es el Centro Cultural N\u00e9stor Kirchner<\/h2>\n\n\n\n<p>El CCK, al que el Gobierno decidi\u00f3 cambiarle el nombre, lo inaugur\u00f3 la entonces presidenta,&nbsp;<strong>Cristina Kirchner,&nbsp;<\/strong>en mayo de 2015, en el antiguo Palacio del Correo, que es Monumento Hist\u00f3rico Nacional. Fue el kirchnerismo en el Congreso en 2012 el que logr\u00f3 aprobar su nombre en reconocimiento al expresidente,&nbsp;<strong>N\u00e9stor Kirchner,&nbsp;<\/strong>que lo impuls\u00f3.<\/p>\n\n\n\n<ul class=\"wp-block-list\">\n<li>En el sitio web oficial se refiere al organismo como \u201cedificio emblem\u00e1tico de la Ciudad de Buenos Aires, antiguo Palacio de Correos y Tel\u00e9grafos, con&nbsp;<strong>m\u00e1s de 100.000 metros cuadrados<\/strong>&nbsp;de superficie y una infraestructura a la altura de los centros culturales m\u00e1s importantes del mundo, con espacios que combinan el alto valor patrimonial del edificio existente con la tecnolog\u00eda m\u00e1s moderna\u201d.<\/li>\n\n\n\n<li>Durante la gesti\u00f3n de Macri fue sede de la cumbre de l\u00edderes del G20 en 2018 y de reuniones encabezadas por el entonces presidente con su gabinete.<\/li>\n\n\n\n<li>Mientras que en el gobierno de Alberto Fern\u00e1ndez el CCK tambi\u00e9n fue sede de actos, como el III Foro Mundial de Derechos Humanos en 2023.<\/li>\n<\/ul>\n","protected":false},"excerpt":{"rendered":"<p>El vocero presidencial, Manuel Adorni, adelant\u00f3 que la instituci\u00f3n \u201cdejar\u00e1 de llamarse como tal\u201d. Se\u00f1al\u00f3 que todav\u00eda se est\u00e1 evaluando c\u00f3mo ser\u00e1 rebautizada. El Gobierno anunci\u00f3 que cambiar\u00e1 el nombre&hellip; <\/p>\n","protected":false},"author":8,"featured_media":135925,"comment_status":"closed","ping_status":"open","sticky":false,"template":"","format":"standard","meta":{"footnotes":""},"categories":[10],"tags":[],"class_list":["post-135924","post","type-post","status-publish","format-standard","has-post-thumbnail","hentry","category-nacionales"],"_links":{"self":[{"href":"https:\/\/corrientesdetarde.com\/index.php\/wp-json\/wp\/v2\/posts\/135924","targetHints":{"allow":["GET"]}}],"collection":[{"href":"https:\/\/corrientesdetarde.com\/index.php\/wp-json\/wp\/v2\/posts"}],"about":[{"href":"https:\/\/corrientesdetarde.com\/index.php\/wp-json\/wp\/v2\/types\/post"}],"author":[{"embeddable":true,"href":"https:\/\/corrientesdetarde.com\/index.php\/wp-json\/wp\/v2\/users\/8"}],"replies":[{"embeddable":true,"href":"https:\/\/corrientesdetarde.com\/index.php\/wp-json\/wp\/v2\/comments?post=135924"}],"version-history":[{"count":1,"href":"https:\/\/corrientesdetarde.com\/index.php\/wp-json\/wp\/v2\/posts\/135924\/revisions"}],"predecessor-version":[{"id":135926,"href":"https:\/\/corrientesdetarde.com\/index.php\/wp-json\/wp\/v2\/posts\/135924\/revisions\/135926"}],"wp:featuredmedia":[{"embeddable":true,"href":"https:\/\/corrientesdetarde.com\/index.php\/wp-json\/wp\/v2\/media\/135925"}],"wp:attachment":[{"href":"https:\/\/corrientesdetarde.com\/index.php\/wp-json\/wp\/v2\/media?parent=135924"}],"wp:term":[{"taxonomy":"category","embeddable":true,"href":"https:\/\/corrientesdetarde.com\/index.php\/wp-json\/wp\/v2\/categories?post=135924"},{"taxonomy":"post_tag","embeddable":true,"href":"https:\/\/corrientesdetarde.com\/index.php\/wp-json\/wp\/v2\/tags?post=135924"}],"curies":[{"name":"wp","href":"https:\/\/api.w.org\/{rel}","templated":true}]}}