{"id":135927,"date":"2024-03-26T14:25:31","date_gmt":"2024-03-26T17:25:31","guid":{"rendered":"https:\/\/corrientesdetarde.com\/?p=135927"},"modified":"2024-03-26T14:25:43","modified_gmt":"2024-03-26T17:25:43","slug":"el-gobierno-avanza-con-el-ajuste-y-preve-no-renovar-al-menos-15-mil-contratos-de-trabajadores-estatales","status":"publish","type":"post","link":"https:\/\/corrientesdetarde.com\/index.php\/politica\/el-gobierno-avanza-con-el-ajuste-y-preve-no-renovar-al-menos-15-mil-contratos-de-trabajadores-estatales\/","title":{"rendered":"El Gobierno avanza con el ajuste y prev\u00e9 no renovar al menos 15 mil contratos de trabajadores estatales"},"content":{"rendered":"\n<p>Desde el Gobierno dijeron que el n\u00famero concreto estar\u00e1 luego de Semana Santa con la liquidaci\u00f3n de sueldos en abril. La l\u00ednea que se estableci\u00f3 en diciembre en la Casa Rosada fue reducir el 30% del grueso estatal de forma progresiva<\/p>\n\n\n\n<p><a href=\"https:\/\/tn.com.ar\/autor\/Isalerno\/\"><\/a><strong>El Gobierno <\/strong><strong>avanza con el ajuste y prev\u00e9 no renovar al menos 15 mil contratos de trabajadores estatales <\/strong>que fueron ampliados en diciembre por tres meses y vencen a fines de marzo. Desde el Gobierno le dijeron<strong>\u00a0<\/strong>que el n\u00famero concreto estar\u00e1 luego de Semana Santa con la liquidaci\u00f3n de sueldos en abril.<\/p>\n\n\n\n<p>El Ejecutivo recibi\u00f3 las bajas de cada ministerio y organismos descentralizados, pero todav\u00eda no quiere confirmar un n\u00famero firme porque \u201c<strong>hay decisiones sobre los contratos en movimiento y podr\u00eda variar seg\u00fan la disposici\u00f3n de cada titular<\/strong>\u201d.<\/p>\n\n\n\n<p>La l\u00ednea que se estableci\u00f3 en diciembre en la Casa Rosada es&nbsp;<strong>reducir el 30% del grueso estatal de forma progresiva<\/strong>. Ya dieron de baja 7000 contratos previo a enero y en distintas \u00e1reas -como AYSA, T\u00e9lam, INCAA y ANSES- se avanz\u00f3 con recortes de planta permanente.<\/p>\n\n\n\n<p>Las bajas de marzo son parte de la auditor\u00eda del Estado que encomend\u00f3 Javier Milei. Desde el Gobierno le dijeron a este medio que&nbsp;<strong>\u201cse ampliaron contratos en diciembre para poder analizar qui\u00e9n trabajaba y qui\u00e9n no<\/strong>, es en base a eso que se hace el recorte actual\u201d.<\/p>\n","protected":false},"excerpt":{"rendered":"<p>Desde el Gobierno dijeron que el n\u00famero concreto estar\u00e1 luego de Semana Santa con la liquidaci\u00f3n de sueldos en abril. La l\u00ednea que se estableci\u00f3 en diciembre en la Casa&hellip; <\/p>\n","protected":false},"author":8,"featured_media":135928,"comment_status":"closed","ping_status":"open","sticky":false,"template":"","format":"standard","meta":{"footnotes":""},"categories":[3],"tags":[],"class_list":["post-135927","post","type-post","status-publish","format-standard","has-post-thumbnail","hentry","category-politica"],"_links":{"self":[{"href":"https:\/\/corrientesdetarde.com\/index.php\/wp-json\/wp\/v2\/posts\/135927","targetHints":{"allow":["GET"]}}],"collection":[{"href":"https:\/\/corrientesdetarde.com\/index.php\/wp-json\/wp\/v2\/posts"}],"about":[{"href":"https:\/\/corrientesdetarde.com\/index.php\/wp-json\/wp\/v2\/types\/post"}],"author":[{"embeddable":true,"href":"https:\/\/corrientesdetarde.com\/index.php\/wp-json\/wp\/v2\/users\/8"}],"replies":[{"embeddable":true,"href":"https:\/\/corrientesdetarde.com\/index.php\/wp-json\/wp\/v2\/comments?post=135927"}],"version-history":[{"count":1,"href":"https:\/\/corrientesdetarde.com\/index.php\/wp-json\/wp\/v2\/posts\/135927\/revisions"}],"predecessor-version":[{"id":135929,"href":"https:\/\/corrientesdetarde.com\/index.php\/wp-json\/wp\/v2\/posts\/135927\/revisions\/135929"}],"wp:featuredmedia":[{"embeddable":true,"href":"https:\/\/corrientesdetarde.com\/index.php\/wp-json\/wp\/v2\/media\/135928"}],"wp:attachment":[{"href":"https:\/\/corrientesdetarde.com\/index.php\/wp-json\/wp\/v2\/media?parent=135927"}],"wp:term":[{"taxonomy":"category","embeddable":true,"href":"https:\/\/corrientesdetarde.com\/index.php\/wp-json\/wp\/v2\/categories?post=135927"},{"taxonomy":"post_tag","embeddable":true,"href":"https:\/\/corrientesdetarde.com\/index.php\/wp-json\/wp\/v2\/tags?post=135927"}],"curies":[{"name":"wp","href":"https:\/\/api.w.org\/{rel}","templated":true}]}}