{"id":135930,"date":"2024-03-26T14:28:46","date_gmt":"2024-03-26T17:28:46","guid":{"rendered":"https:\/\/corrientesdetarde.com\/?p=135930"},"modified":"2024-03-26T14:28:50","modified_gmt":"2024-03-26T17:28:50","slug":"tassano-en-la-presentacion-del-mes-de-corrientes-somos-una-ciudad-historica-y-moderna-que-apuesta-al-desarrollo","status":"publish","type":"post","link":"https:\/\/corrientesdetarde.com\/index.php\/sociales\/tassano-en-la-presentacion-del-mes-de-corrientes-somos-una-ciudad-historica-y-moderna-que-apuesta-al-desarrollo\/","title":{"rendered":"Tassano en la presentaci\u00f3n del Mes de Corrientes: \u201cSomos una ciudad hist\u00f3rica y moderna que apuesta al desarrollo\u201d"},"content":{"rendered":"\n<p><em>Desde el 3 de abril y hasta el 3 de mayo la Municipalidad y vecinos celebrar\u00e1n el 436\u00b0 aniversario de la capital correntina. Seg\u00fan se anunci\u00f3 este martes el mes de festejo ofrecer\u00e1 eventos y actividades culturales, tur\u00edsticas, art\u00edsticas, deportivas, recreativas y musicales.<\/em><\/p>\n\n\n\n<p>Este martes, el intendente Eduardo Tassano, junto con el viceintendente Emilio Lanari y funcionarios, encabez\u00f3 la conferencia de prensa en la que se present\u00f3 el Mes de Corrientes, una nutrida agenda de actividades para celebrar el 436\u00b0 aniversario de la ciudad.<br>El programa se desarrollar\u00e1 desde el 3 de abril, fecha de fundaci\u00f3n de la capital correntina, hasta el 3 de mayo, D\u00eda de la Cruz de los Milagros, jornada religiosa ligada a la historia de la ciudad.<br>La celebraci\u00f3n contar\u00e1 con eventos y actividades culturales, tur\u00edsticas, art\u00edsticas y deportivas para ni\u00f1os, j\u00f3venes y personas de todas las edades.&nbsp; Las propuestas y actividades llegar\u00e1n a todos los barrios de la ciudad<br><br>HISTORIA Y DESARROLLO HACIA EL FUTURO<br>\u201cMultiplicamos las actividades celebratorias\u201d resalt\u00f3 Tassano y explic\u00f3 que la programaci\u00f3n del festejo por el cumplea\u00f1os de la ciudad es una de las m\u00e1s importantes dentro del calendario y afianza a Corrientes como ciudad de eventos.<br>\u201cTenemos seis meses de playa. En enero tenemos el Festival nacional del Chamam\u00e9, en febrero los carnavales, y ahora se suma el Mes de Corrientes, con sus propuestas de festejos para vecinos y turistas\u201d, subray\u00f3.<br>As\u00ed, remarc\u00f3 la preponderancia de la ciudad en materia tur\u00edstica y resalt\u00f3 ese eje como fuente de trabajo y motor econ\u00f3mico. \u201cSomos una ciudad hist\u00f3rica y moderna que apuesta al desarrollo\u201d, acentu\u00f3 en otro tramo de su mensaje.<br>\u201cLos \u00faltimos a\u00f1os fueron de impresionante crecimiento del turismo en la ciudad, con hoteler\u00eda a pleno pr\u00e1cticamente todo el a\u00f1o\u201d, asegur\u00f3.<br>Para cerrar, indic\u00f3 que \u201cno todas las ciudades cumplen 436 a\u00f1os y tienen nuestro potencial de desarrollo: estamos en crecimiento constante y a\u00fan tenemos muchas cosas por hacer\u201d.<br><br>IDENTIDAD CORRENTINA<br>\u201cLos correntinos somos una rep\u00fablica aparte a la hora de sentir nuestra cultura y nos identificamos con la tierra del Taragu\u00ed\u201d, indic\u00f3 el viceintendente, Emilio Lanari.<br>Asimismo, resalt\u00f3 la importancia de contar con actividades itinerantes en toda la ciudad ya que \u201centendemos que no todo termina en las cuatro avenidas y apostamos a que todos los vecinos puedan acceder a las actividades\u201d.<br><br>IMPULSO ECON\u00d3MICO<br>Por su parte, el secretario de Cultura y Educaci\u00f3n, Jos\u00e9 Sand remarc\u00f3 que \u201csomos promotores del evento y vamos a poner a Corrientes en lo m\u00e1s alto posible\u201d y por ello \u201cempezamos a celebrar este mes que quedar\u00e1 en nuestros corazones\u201d.<br>En cuanto a la agenda programada, el funcionario municipal abog\u00f3 por la apuesta a celebrar pensando en el turismo y desarrollo econ\u00f3mico en la ciudad.<br><br>AGENDA DE ACTIVIDADES<br>Durante el Mes de Corrientes los vecinos podr\u00e1n contar con un abanico de actividades tanto religiosas como culturales, deportivas y art\u00edsticas con el fin de revindicar las ra\u00edces e identidad correntina.<br>Habr\u00e1 ciclos de conferencias, el Circo en tu Barrio, el IV Encuentro de Escultura en arena y los vecinos podr\u00e1n participar del Arte Iteva, Corrientes Baila, V Encuentro de Esculturas de madera, Talleres de Carnaval y Chamam\u00e9 y muestras pl\u00e1sticas entre otros.<br>Para mayores detalles de la programaci\u00f3n completa, ingresar a:<br><a href=\"https:\/\/ciudaddecorrientes.us12.list-manage.com\/track\/click?u=253e4bcff71216c6af771c3c9&amp;id=5641a86162&amp;e=17643edfa8\" target=\"_blank\" rel=\"noreferrer noopener\">https:\/\/ciudaddecorrientes.gov.ar\/mesdecorrientes<\/a><\/p>\n\n\n\n<figure class=\"wp-block-embed is-type-video is-provider-youtube wp-block-embed-youtube wp-embed-aspect-16-9 wp-has-aspect-ratio\"><div class=\"wp-block-embed__wrapper\">\n<iframe loading=\"lazy\" title=\"La Municipalidad present\u00f3 la programaci\u00f3n de festejo del Mes de Corrientes\" width=\"1110\" height=\"624\" src=\"https:\/\/www.youtube.com\/embed\/rRAlpvSCWAg?feature=oembed\" frameborder=\"0\" allow=\"accelerometer; autoplay; clipboard-write; encrypted-media; gyroscope; picture-in-picture; web-share\" allowfullscreen><\/iframe>\n<\/div><\/figure>\n\n\n\n<figure class=\"wp-block-image size-large\"><img loading=\"lazy\" decoding=\"async\" width=\"1024\" height=\"682\" src=\"https:\/\/corrientesdetarde.com\/wp-content\/uploads\/2024\/03\/image-678-1024x682.png\" alt=\"\" class=\"wp-image-135931\" srcset=\"https:\/\/corrientesdetarde.com\/wp-content\/uploads\/2024\/03\/image-678-1024x682.png 1024w, https:\/\/corrientesdetarde.com\/wp-content\/uploads\/2024\/03\/image-678-300x200.png 300w, https:\/\/corrientesdetarde.com\/wp-content\/uploads\/2024\/03\/image-678-768x512.png 768w, https:\/\/corrientesdetarde.com\/wp-content\/uploads\/2024\/03\/image-678.png 1280w\" sizes=\"auto, (max-width: 1024px) 100vw, 1024px\" \/><\/figure>\n\n\n\n<figure class=\"wp-block-image size-large\"><img loading=\"lazy\" decoding=\"async\" width=\"1024\" height=\"682\" src=\"https:\/\/corrientesdetarde.com\/wp-content\/uploads\/2024\/03\/image-679-1024x682.png\" alt=\"\" class=\"wp-image-135932\" srcset=\"https:\/\/corrientesdetarde.com\/wp-content\/uploads\/2024\/03\/image-679-1024x682.png 1024w, https:\/\/corrientesdetarde.com\/wp-content\/uploads\/2024\/03\/image-679-300x200.png 300w, https:\/\/corrientesdetarde.com\/wp-content\/uploads\/2024\/03\/image-679-768x512.png 768w, https:\/\/corrientesdetarde.com\/wp-content\/uploads\/2024\/03\/image-679.png 1280w\" sizes=\"auto, (max-width: 1024px) 100vw, 1024px\" \/><\/figure>\n\n\n\n<figure class=\"wp-block-image size-large\"><img loading=\"lazy\" decoding=\"async\" width=\"1024\" height=\"682\" src=\"https:\/\/corrientesdetarde.com\/wp-content\/uploads\/2024\/03\/image-680-1024x682.png\" alt=\"\" class=\"wp-image-135933\" srcset=\"https:\/\/corrientesdetarde.com\/wp-content\/uploads\/2024\/03\/image-680-1024x682.png 1024w, https:\/\/corrientesdetarde.com\/wp-content\/uploads\/2024\/03\/image-680-300x200.png 300w, https:\/\/corrientesdetarde.com\/wp-content\/uploads\/2024\/03\/image-680-768x512.png 768w, https:\/\/corrientesdetarde.com\/wp-content\/uploads\/2024\/03\/image-680.png 1280w\" sizes=\"auto, (max-width: 1024px) 100vw, 1024px\" \/><\/figure>\n","protected":false},"excerpt":{"rendered":"<p>Desde el 3 de abril y hasta el 3 de mayo la Municipalidad y vecinos celebrar\u00e1n el 436\u00b0 aniversario de la capital correntina. Seg\u00fan se anunci\u00f3 este martes el mes&hellip; <\/p>\n","protected":false},"author":8,"featured_media":135934,"comment_status":"closed","ping_status":"open","sticky":false,"template":"","format":"standard","meta":{"footnotes":""},"categories":[17],"tags":[],"class_list":["post-135930","post","type-post","status-publish","format-standard","has-post-thumbnail","hentry","category-sociales"],"_links":{"self":[{"href":"https:\/\/corrientesdetarde.com\/index.php\/wp-json\/wp\/v2\/posts\/135930","targetHints":{"allow":["GET"]}}],"collection":[{"href":"https:\/\/corrientesdetarde.com\/index.php\/wp-json\/wp\/v2\/posts"}],"about":[{"href":"https:\/\/corrientesdetarde.com\/index.php\/wp-json\/wp\/v2\/types\/post"}],"author":[{"embeddable":true,"href":"https:\/\/corrientesdetarde.com\/index.php\/wp-json\/wp\/v2\/users\/8"}],"replies":[{"embeddable":true,"href":"https:\/\/corrientesdetarde.com\/index.php\/wp-json\/wp\/v2\/comments?post=135930"}],"version-history":[{"count":1,"href":"https:\/\/corrientesdetarde.com\/index.php\/wp-json\/wp\/v2\/posts\/135930\/revisions"}],"predecessor-version":[{"id":135935,"href":"https:\/\/corrientesdetarde.com\/index.php\/wp-json\/wp\/v2\/posts\/135930\/revisions\/135935"}],"wp:featuredmedia":[{"embeddable":true,"href":"https:\/\/corrientesdetarde.com\/index.php\/wp-json\/wp\/v2\/media\/135934"}],"wp:attachment":[{"href":"https:\/\/corrientesdetarde.com\/index.php\/wp-json\/wp\/v2\/media?parent=135930"}],"wp:term":[{"taxonomy":"category","embeddable":true,"href":"https:\/\/corrientesdetarde.com\/index.php\/wp-json\/wp\/v2\/categories?post=135930"},{"taxonomy":"post_tag","embeddable":true,"href":"https:\/\/corrientesdetarde.com\/index.php\/wp-json\/wp\/v2\/tags?post=135930"}],"curies":[{"name":"wp","href":"https:\/\/api.w.org\/{rel}","templated":true}]}}