{"id":136065,"date":"2024-03-26T23:33:18","date_gmt":"2024-03-27T02:33:18","guid":{"rendered":"https:\/\/corrientesdetarde.com\/?p=136065"},"modified":"2024-03-26T23:40:17","modified_gmt":"2024-03-27T02:40:17","slug":"confirmado-cuando-se-estrena-la-tercera-temporada-de-el-encarado","status":"publish","type":"post","link":"https:\/\/corrientesdetarde.com\/index.php\/espectaculos\/confirmado-cuando-se-estrena-la-tercera-temporada-de-el-encarado\/","title":{"rendered":"Confirmado: cu\u00e1ndo se estrena la tercera temporada de &#8220;El encargado&#8221;"},"content":{"rendered":"\n<p>El protagonista Guillermo Francella revel\u00f3 este martes la fecha de estreno de la tercera parte de la serie.<\/p>\n\n\n\n<p><strong>Guillermo Francella<\/strong>&nbsp;revolucion\u00f3 las redes sociales este martes con la confirmaci\u00f3n sobre la fecha de estreno de la tercera temporada de&nbsp;<strong>\u201cEl encargado\u201d<\/strong>, la exitosa serie que protagoniza.&nbsp;<\/p>\n\n\n\n<p>Protagonizada por el reconocido actor, esta exitosa comedia dram\u00e1tica viene de ser furor en streaming y ahora est\u00e1\u00a0siendo transmitida por El Trece con muy buen rating.\u00a0<\/p>\n\n\n\n<p>En<strong>\u00a0&#8220;El Encargado&#8221;, Francella interpreta a Eliseo,\u00a0<\/strong>el encargado de un edificio que, tras bambalinas, ejerce su poder de vigilancia e intromisi\u00f3n de manera insospechada. Con un reparto de lujo que incluye a\u00a0<strong>Gabriel &#8220;El Puma&#8221; Goity<\/strong>,\u00a0<strong>Dar\u00edo Barassi<\/strong>,\u00a0<strong>Mirta Busnelli<\/strong>\u00a0y\u00a0<strong>Mart\u00edn Seefeld<\/strong>, entre otros, la serie ofrece una visi\u00f3n intrigante y c\u00f3mica de la vida en comunidad.<\/p>\n\n\n\n<p>Con direcci\u00f3n a cargo de Mariano Cohn, Gast\u00f3n Duprat, Jer\u00f3nimo Carranza y Diego Bliffeld, &#8220;El Encargado&#8221; prepara la tercera temporada.<\/p>\n\n\n\n<h3 class=\"wp-block-heading\">Cu\u00e1ndo se estrena la tercera temporada de \u201cEl encargado\u201d<\/h3>\n\n\n\n<p><mark>&#8220;Todo indica que llega en Junio porque se fusiona Disney con Star+ y es un evento muy grande, y en junio es la fecha&#8221;<\/mark>, expres\u00f3 el protagonista de la comedia que revolucion\u00f3 la plataforma de streaming, durante la entrevista de este martes con Eduardo Feinmann.<\/p>\n\n\n\n<h3 class=\"wp-block-heading\">D\u00f3nde ver \u201cEl encargado\u201d completa<\/h3>\n\n\n\n<p>La serie se encuentra disponible en la plataforma de streaming Star+. Adem\u00e1s, desde el mes de marzo es transmitida todos los domingos desde las 22 horas por El Trece.&nbsp;<\/p>\n","protected":false},"excerpt":{"rendered":"<p>El protagonista Guillermo Francella revel\u00f3 este martes la fecha de estreno de la tercera parte de la serie. Guillermo Francella&nbsp;revolucion\u00f3 las redes sociales este martes con la confirmaci\u00f3n sobre la&hellip; <\/p>\n","protected":false},"author":4,"featured_media":136066,"comment_status":"closed","ping_status":"open","sticky":false,"template":"","format":"standard","meta":{"footnotes":""},"categories":[19],"tags":[],"class_list":["post-136065","post","type-post","status-publish","format-standard","has-post-thumbnail","hentry","category-espectaculos"],"_links":{"self":[{"href":"https:\/\/corrientesdetarde.com\/index.php\/wp-json\/wp\/v2\/posts\/136065","targetHints":{"allow":["GET"]}}],"collection":[{"href":"https:\/\/corrientesdetarde.com\/index.php\/wp-json\/wp\/v2\/posts"}],"about":[{"href":"https:\/\/corrientesdetarde.com\/index.php\/wp-json\/wp\/v2\/types\/post"}],"author":[{"embeddable":true,"href":"https:\/\/corrientesdetarde.com\/index.php\/wp-json\/wp\/v2\/users\/4"}],"replies":[{"embeddable":true,"href":"https:\/\/corrientesdetarde.com\/index.php\/wp-json\/wp\/v2\/comments?post=136065"}],"version-history":[{"count":2,"href":"https:\/\/corrientesdetarde.com\/index.php\/wp-json\/wp\/v2\/posts\/136065\/revisions"}],"predecessor-version":[{"id":136068,"href":"https:\/\/corrientesdetarde.com\/index.php\/wp-json\/wp\/v2\/posts\/136065\/revisions\/136068"}],"wp:featuredmedia":[{"embeddable":true,"href":"https:\/\/corrientesdetarde.com\/index.php\/wp-json\/wp\/v2\/media\/136066"}],"wp:attachment":[{"href":"https:\/\/corrientesdetarde.com\/index.php\/wp-json\/wp\/v2\/media?parent=136065"}],"wp:term":[{"taxonomy":"category","embeddable":true,"href":"https:\/\/corrientesdetarde.com\/index.php\/wp-json\/wp\/v2\/categories?post=136065"},{"taxonomy":"post_tag","embeddable":true,"href":"https:\/\/corrientesdetarde.com\/index.php\/wp-json\/wp\/v2\/tags?post=136065"}],"curies":[{"name":"wp","href":"https:\/\/api.w.org\/{rel}","templated":true}]}}