{"id":136084,"date":"2024-03-27T00:06:51","date_gmt":"2024-03-27T03:06:51","guid":{"rendered":"https:\/\/corrientesdetarde.com\/?p=136084"},"modified":"2024-03-27T00:06:55","modified_gmt":"2024-03-27T03:06:55","slug":"concientizacion-y-prevencion-en-las-saps-sobre-el-cancer-de-cuello-uterino","status":"publish","type":"post","link":"https:\/\/corrientesdetarde.com\/index.php\/sociales\/concientizacion-y-prevencion-en-las-saps-sobre-el-cancer-de-cuello-uterino\/","title":{"rendered":"Concientizaci\u00f3n y prevenci\u00f3n en las Saps sobre el c\u00e1ncer de cuello uterino"},"content":{"rendered":"\n<p><em>Las acciones, a cargo de la Secretar\u00eda de Salud de la Municipalidad, se llevaron adelante en el marco del D\u00eda Mundial de la Prevenci\u00f3n del C\u00e1ncer C\u00e9rvico Uterino, que se conmemora cada 26 de marzo. Las atenciones gratuitas se brindaron en las salas de los barrios Independencia, Pujol, Pirayu\u00ed, San Antonio Oeste, entre otras.<\/em><\/p>\n\n\n\n<figure class=\"wp-block-embed is-type-video is-provider-youtube wp-block-embed-youtube wp-embed-aspect-16-9 wp-has-aspect-ratio\"><div class=\"wp-block-embed__wrapper\">\n<iframe loading=\"lazy\" title=\"Concientizaci\u00f3n y prevenci\u00f3n en las Saps sobre el c\u00e1ncer de cuello uterino\" width=\"1110\" height=\"624\" src=\"https:\/\/www.youtube.com\/embed\/C8m6wdDJDpw?feature=oembed\" frameborder=\"0\" allow=\"accelerometer; autoplay; clipboard-write; encrypted-media; gyroscope; picture-in-picture; web-share\" referrerpolicy=\"strict-origin-when-cross-origin\" allowfullscreen><\/iframe>\n<\/div><\/figure>\n\n\n\n<p>La Municipalidad de Corrientes, mediante la Secretar\u00eda de Salud, realiz\u00f3 este martes una jornada de concientizaci\u00f3n y prevenci\u00f3n de c\u00e1ncer cervicouterino en las Salas de Atenci\u00f3n Primaria de la Salud (Saps) de los barrios Independencia, Pujol, Pirayu\u00ed, San Antonio Oeste, entre otras.<br><br>La directora de Salud de la Mujer, Beatriz Burgos, explic\u00f3 que esta acci\u00f3n \u201ces llevada adelante en el marco del D\u00eda Mundial de la Prevenci\u00f3n del C\u00e1ncer C\u00e9rvico Uterino, que se conmemora todos los 26 de marzo\u201d.<br><br>La m\u00e9dica remarc\u00f3 la importancia de realizar estos estudios porque \u201cel c\u00e1ncer de cuello uterino es una enfermedad altamente prevenible\u201d.<br><br>\u201cLe estamos ofreciendo a las mujeres de toda la comunidad, de varios barrios, que se acerquen a la sala a realizarse un estudio que es muy r\u00e1pido, no lleva mucho tiempo y es gratuito\u201d, agreg\u00f3.<br><br>En ese sentido, Burgos dijo que este 26 de marzo se realiza esta jornada para concientizar a las mujeres, \u201cpero el PAP lo hacemos todos los d\u00edas de todos los meses de todo el a\u00f1o\u201d. Para poder acceder al servicio sanitario, es necesario acercarse a la Saps m\u00e1s cercana a su domicilio y solicitar el turno.<br><br>En cuanto a las recomendaciones, la doctora precis\u00f3 que las pacientes \u201ctengan una preparaci\u00f3n previa. Por ejemplo, no estar menstruando, no haber tenido relaciones sexuales 48 horas antes y no tener abundante flujo porque eso dificulta la toma de muestra\u201d.<\/p>\n\n\n\n<figure class=\"wp-block-image size-large\"><img loading=\"lazy\" decoding=\"async\" width=\"1024\" height=\"685\" src=\"https:\/\/corrientesdetarde.com\/wp-content\/uploads\/2024\/03\/image-706-1024x685.png\" alt=\"\" class=\"wp-image-136085\" srcset=\"https:\/\/corrientesdetarde.com\/wp-content\/uploads\/2024\/03\/image-706-1024x685.png 1024w, https:\/\/corrientesdetarde.com\/wp-content\/uploads\/2024\/03\/image-706-300x201.png 300w, https:\/\/corrientesdetarde.com\/wp-content\/uploads\/2024\/03\/image-706-768x513.png 768w, https:\/\/corrientesdetarde.com\/wp-content\/uploads\/2024\/03\/image-706.png 1255w\" sizes=\"auto, (max-width: 1024px) 100vw, 1024px\" \/><\/figure>\n\n\n\n<figure class=\"wp-block-image size-large\"><img loading=\"lazy\" decoding=\"async\" width=\"1024\" height=\"672\" src=\"https:\/\/corrientesdetarde.com\/wp-content\/uploads\/2024\/03\/image-707-1024x672.png\" alt=\"\" class=\"wp-image-136086\" srcset=\"https:\/\/corrientesdetarde.com\/wp-content\/uploads\/2024\/03\/image-707-1024x672.png 1024w, https:\/\/corrientesdetarde.com\/wp-content\/uploads\/2024\/03\/image-707-300x197.png 300w, https:\/\/corrientesdetarde.com\/wp-content\/uploads\/2024\/03\/image-707-768x504.png 768w, https:\/\/corrientesdetarde.com\/wp-content\/uploads\/2024\/03\/image-707.png 1262w\" sizes=\"auto, (max-width: 1024px) 100vw, 1024px\" \/><\/figure>\n\n\n\n<figure class=\"wp-block-image size-large\"><img loading=\"lazy\" decoding=\"async\" width=\"1024\" height=\"674\" src=\"https:\/\/corrientesdetarde.com\/wp-content\/uploads\/2024\/03\/image-708-1024x674.png\" alt=\"\" class=\"wp-image-136087\" srcset=\"https:\/\/corrientesdetarde.com\/wp-content\/uploads\/2024\/03\/image-708-1024x674.png 1024w, https:\/\/corrientesdetarde.com\/wp-content\/uploads\/2024\/03\/image-708-300x197.png 300w, https:\/\/corrientesdetarde.com\/wp-content\/uploads\/2024\/03\/image-708-768x505.png 768w, https:\/\/corrientesdetarde.com\/wp-content\/uploads\/2024\/03\/image-708.png 1271w\" sizes=\"auto, (max-width: 1024px) 100vw, 1024px\" \/><\/figure>\n","protected":false},"excerpt":{"rendered":"<p>Las acciones, a cargo de la Secretar\u00eda de Salud de la Municipalidad, se llevaron adelante en el marco del D\u00eda Mundial de la Prevenci\u00f3n del C\u00e1ncer C\u00e9rvico Uterino, que se&hellip; <\/p>\n","protected":false},"author":4,"featured_media":136088,"comment_status":"closed","ping_status":"open","sticky":false,"template":"","format":"standard","meta":{"footnotes":""},"categories":[23,17],"tags":[],"class_list":["post-136084","post","type-post","status-publish","format-standard","has-post-thumbnail","hentry","category-actualidad","category-sociales"],"_links":{"self":[{"href":"https:\/\/corrientesdetarde.com\/index.php\/wp-json\/wp\/v2\/posts\/136084","targetHints":{"allow":["GET"]}}],"collection":[{"href":"https:\/\/corrientesdetarde.com\/index.php\/wp-json\/wp\/v2\/posts"}],"about":[{"href":"https:\/\/corrientesdetarde.com\/index.php\/wp-json\/wp\/v2\/types\/post"}],"author":[{"embeddable":true,"href":"https:\/\/corrientesdetarde.com\/index.php\/wp-json\/wp\/v2\/users\/4"}],"replies":[{"embeddable":true,"href":"https:\/\/corrientesdetarde.com\/index.php\/wp-json\/wp\/v2\/comments?post=136084"}],"version-history":[{"count":1,"href":"https:\/\/corrientesdetarde.com\/index.php\/wp-json\/wp\/v2\/posts\/136084\/revisions"}],"predecessor-version":[{"id":136089,"href":"https:\/\/corrientesdetarde.com\/index.php\/wp-json\/wp\/v2\/posts\/136084\/revisions\/136089"}],"wp:featuredmedia":[{"embeddable":true,"href":"https:\/\/corrientesdetarde.com\/index.php\/wp-json\/wp\/v2\/media\/136088"}],"wp:attachment":[{"href":"https:\/\/corrientesdetarde.com\/index.php\/wp-json\/wp\/v2\/media?parent=136084"}],"wp:term":[{"taxonomy":"category","embeddable":true,"href":"https:\/\/corrientesdetarde.com\/index.php\/wp-json\/wp\/v2\/categories?post=136084"},{"taxonomy":"post_tag","embeddable":true,"href":"https:\/\/corrientesdetarde.com\/index.php\/wp-json\/wp\/v2\/tags?post=136084"}],"curies":[{"name":"wp","href":"https:\/\/api.w.org\/{rel}","templated":true}]}}