{"id":136094,"date":"2024-03-27T01:51:55","date_gmt":"2024-03-27T04:51:55","guid":{"rendered":"https:\/\/corrientesdetarde.com\/?p=136094"},"modified":"2024-03-27T01:52:06","modified_gmt":"2024-03-27T04:52:06","slug":"pago-de-becas-pensiones-no-contributivas-y-lideres-comunitarios","status":"publish","type":"post","link":"https:\/\/corrientesdetarde.com\/index.php\/sociales\/pago-de-becas-pensiones-no-contributivas-y-lideres-comunitarios\/","title":{"rendered":"Pago de Becas, Pensiones no contributivas y l\u00edderes comunitarios"},"content":{"rendered":"\n<p>El Ministerio de Desarrollo Social informa que desde este mi\u00e9rcoles 27 de marzo del 2024, estar\u00e1 disponible el pago de becas, pensiones no contributivas y l\u00edderes comunitarios dependientes de este organismo con aumento.\u00a0Se podr\u00e1 acceder al cobro a trav\u00e9s de los cajeros autom\u00e1ticos del Banco Provincia de Corrientes.<\/p>\n\n\n\n<figure class=\"wp-block-image size-full\"><img loading=\"lazy\" decoding=\"async\" width=\"497\" height=\"907\" src=\"https:\/\/corrientesdetarde.com\/wp-content\/uploads\/2024\/03\/image-710.png\" alt=\"\" class=\"wp-image-136095\" srcset=\"https:\/\/corrientesdetarde.com\/wp-content\/uploads\/2024\/03\/image-710.png 497w, https:\/\/corrientesdetarde.com\/wp-content\/uploads\/2024\/03\/image-710-164x300.png 164w\" sizes=\"auto, (max-width: 497px) 100vw, 497px\" \/><\/figure>\n","protected":false},"excerpt":{"rendered":"<p>El Ministerio de Desarrollo Social informa que desde este mi\u00e9rcoles 27 de marzo del 2024, estar\u00e1 disponible el pago de becas, pensiones no contributivas y l\u00edderes comunitarios dependientes de este&hellip; <\/p>\n","protected":false},"author":4,"featured_media":136096,"comment_status":"closed","ping_status":"open","sticky":false,"template":"","format":"standard","meta":{"footnotes":""},"categories":[17],"tags":[],"class_list":["post-136094","post","type-post","status-publish","format-standard","has-post-thumbnail","hentry","category-sociales"],"_links":{"self":[{"href":"https:\/\/corrientesdetarde.com\/index.php\/wp-json\/wp\/v2\/posts\/136094","targetHints":{"allow":["GET"]}}],"collection":[{"href":"https:\/\/corrientesdetarde.com\/index.php\/wp-json\/wp\/v2\/posts"}],"about":[{"href":"https:\/\/corrientesdetarde.com\/index.php\/wp-json\/wp\/v2\/types\/post"}],"author":[{"embeddable":true,"href":"https:\/\/corrientesdetarde.com\/index.php\/wp-json\/wp\/v2\/users\/4"}],"replies":[{"embeddable":true,"href":"https:\/\/corrientesdetarde.com\/index.php\/wp-json\/wp\/v2\/comments?post=136094"}],"version-history":[{"count":1,"href":"https:\/\/corrientesdetarde.com\/index.php\/wp-json\/wp\/v2\/posts\/136094\/revisions"}],"predecessor-version":[{"id":136097,"href":"https:\/\/corrientesdetarde.com\/index.php\/wp-json\/wp\/v2\/posts\/136094\/revisions\/136097"}],"wp:featuredmedia":[{"embeddable":true,"href":"https:\/\/corrientesdetarde.com\/index.php\/wp-json\/wp\/v2\/media\/136096"}],"wp:attachment":[{"href":"https:\/\/corrientesdetarde.com\/index.php\/wp-json\/wp\/v2\/media?parent=136094"}],"wp:term":[{"taxonomy":"category","embeddable":true,"href":"https:\/\/corrientesdetarde.com\/index.php\/wp-json\/wp\/v2\/categories?post=136094"},{"taxonomy":"post_tag","embeddable":true,"href":"https:\/\/corrientesdetarde.com\/index.php\/wp-json\/wp\/v2\/tags?post=136094"}],"curies":[{"name":"wp","href":"https:\/\/api.w.org\/{rel}","templated":true}]}}