{"id":136099,"date":"2024-03-27T02:04:57","date_gmt":"2024-03-27T05:04:57","guid":{"rendered":"https:\/\/corrientesdetarde.com\/?p=136099"},"modified":"2024-03-27T02:05:08","modified_gmt":"2024-03-27T05:05:08","slug":"la-provincia-reasfalta-la-calle-suiza-entre-las-avenida-artigas-y-chacabuco","status":"publish","type":"post","link":"https:\/\/corrientesdetarde.com\/index.php\/actualidad\/la-provincia-reasfalta-la-calle-suiza-entre-las-avenida-artigas-y-chacabuco\/","title":{"rendered":"La Provincia reasfalta la calle Suiza entre las avenida Artigas y Chacabuco"},"content":{"rendered":"\n<p>El gobierno Provincial, comenz\u00f3 la repavimentaci\u00f3n con concreto asf\u00e1ltico de la calle Suiza, entre las avenidas Artigas y Chacabuco, como parte de su programa de asistencia a la comuna capitalina.<\/p>\n\n\n\n<p>Los trabajos son desarrollados por el Ministerio de Obras y Servicios P\u00fablicos, a trav\u00e9s de Vialidad Urbana y ejecutados por administraci\u00f3n con recursos, personal y maquinaria propia.<\/p>\n\n\n\n<p>Ser\u00e1n cuatro cuadras de calle Suiza, en el coraz\u00f3n del barrio Belgrano que tras&nbsp; el limpiado de juntas y el bacheo superficial, se proveer\u00e1 de una carpeta de asfalto caliente de entre 8 y 10 cent\u00edmetros de espesor a todo lo largo de su calzada, respetando, claro est\u00e1, los espacios del cord\u00f3n cuneta, asegurando el adecuado escurrimiento pluvial.<\/p>\n\n\n\n<p>Estos trabajos, estar\u00e1n concluidos ma\u00f1ana mi\u00e9rcoles, \u00a0y todas las calles intervenidas quedar\u00e1n libres a la circulaci\u00f3n vehicular de manera inmediata. En tanto se recomienda circular por la zona con precauci\u00f3n.<\/p>\n\n\n\n<figure class=\"wp-block-image size-full\"><img loading=\"lazy\" decoding=\"async\" width=\"905\" height=\"907\" src=\"https:\/\/corrientesdetarde.com\/wp-content\/uploads\/2024\/03\/image-711.png\" alt=\"\" class=\"wp-image-136100\" srcset=\"https:\/\/corrientesdetarde.com\/wp-content\/uploads\/2024\/03\/image-711.png 905w, https:\/\/corrientesdetarde.com\/wp-content\/uploads\/2024\/03\/image-711-300x300.png 300w, https:\/\/corrientesdetarde.com\/wp-content\/uploads\/2024\/03\/image-711-150x150.png 150w, https:\/\/corrientesdetarde.com\/wp-content\/uploads\/2024\/03\/image-711-768x770.png 768w\" sizes=\"auto, (max-width: 905px) 100vw, 905px\" \/><\/figure>\n\n\n\n<figure class=\"wp-block-image size-full\"><img loading=\"lazy\" decoding=\"async\" width=\"952\" height=\"581\" src=\"https:\/\/corrientesdetarde.com\/wp-content\/uploads\/2024\/03\/image-712.png\" alt=\"\" class=\"wp-image-136101\" srcset=\"https:\/\/corrientesdetarde.com\/wp-content\/uploads\/2024\/03\/image-712.png 952w, https:\/\/corrientesdetarde.com\/wp-content\/uploads\/2024\/03\/image-712-300x183.png 300w, https:\/\/corrientesdetarde.com\/wp-content\/uploads\/2024\/03\/image-712-768x469.png 768w\" sizes=\"auto, (max-width: 952px) 100vw, 952px\" \/><\/figure>\n\n\n\n<figure class=\"wp-block-image size-full\"><img loading=\"lazy\" decoding=\"async\" width=\"956\" height=\"795\" src=\"https:\/\/corrientesdetarde.com\/wp-content\/uploads\/2024\/03\/image-713.png\" alt=\"\" class=\"wp-image-136102\" srcset=\"https:\/\/corrientesdetarde.com\/wp-content\/uploads\/2024\/03\/image-713.png 956w, https:\/\/corrientesdetarde.com\/wp-content\/uploads\/2024\/03\/image-713-300x249.png 300w, https:\/\/corrientesdetarde.com\/wp-content\/uploads\/2024\/03\/image-713-768x639.png 768w\" sizes=\"auto, (max-width: 956px) 100vw, 956px\" \/><\/figure>\n","protected":false},"excerpt":{"rendered":"<p>El gobierno Provincial, comenz\u00f3 la repavimentaci\u00f3n con concreto asf\u00e1ltico de la calle Suiza, entre las avenidas Artigas y Chacabuco, como parte de su programa de asistencia a la comuna capitalina.&hellip; <\/p>\n","protected":false},"author":4,"featured_media":136103,"comment_status":"closed","ping_status":"open","sticky":false,"template":"","format":"standard","meta":{"footnotes":""},"categories":[23],"tags":[],"class_list":["post-136099","post","type-post","status-publish","format-standard","has-post-thumbnail","hentry","category-actualidad"],"_links":{"self":[{"href":"https:\/\/corrientesdetarde.com\/index.php\/wp-json\/wp\/v2\/posts\/136099","targetHints":{"allow":["GET"]}}],"collection":[{"href":"https:\/\/corrientesdetarde.com\/index.php\/wp-json\/wp\/v2\/posts"}],"about":[{"href":"https:\/\/corrientesdetarde.com\/index.php\/wp-json\/wp\/v2\/types\/post"}],"author":[{"embeddable":true,"href":"https:\/\/corrientesdetarde.com\/index.php\/wp-json\/wp\/v2\/users\/4"}],"replies":[{"embeddable":true,"href":"https:\/\/corrientesdetarde.com\/index.php\/wp-json\/wp\/v2\/comments?post=136099"}],"version-history":[{"count":1,"href":"https:\/\/corrientesdetarde.com\/index.php\/wp-json\/wp\/v2\/posts\/136099\/revisions"}],"predecessor-version":[{"id":136104,"href":"https:\/\/corrientesdetarde.com\/index.php\/wp-json\/wp\/v2\/posts\/136099\/revisions\/136104"}],"wp:featuredmedia":[{"embeddable":true,"href":"https:\/\/corrientesdetarde.com\/index.php\/wp-json\/wp\/v2\/media\/136103"}],"wp:attachment":[{"href":"https:\/\/corrientesdetarde.com\/index.php\/wp-json\/wp\/v2\/media?parent=136099"}],"wp:term":[{"taxonomy":"category","embeddable":true,"href":"https:\/\/corrientesdetarde.com\/index.php\/wp-json\/wp\/v2\/categories?post=136099"},{"taxonomy":"post_tag","embeddable":true,"href":"https:\/\/corrientesdetarde.com\/index.php\/wp-json\/wp\/v2\/tags?post=136099"}],"curies":[{"name":"wp","href":"https:\/\/api.w.org\/{rel}","templated":true}]}}