{"id":136174,"date":"2024-03-27T13:37:56","date_gmt":"2024-03-27T16:37:56","guid":{"rendered":"https:\/\/corrientesdetarde.com\/?p=136174"},"modified":"2024-03-27T13:38:08","modified_gmt":"2024-03-27T16:38:08","slug":"la-municipalidad-reconocio-a-10-mujeres-correntinas-por-el-aporte-que-realizan-en-la-ciudad","status":"publish","type":"post","link":"https:\/\/corrientesdetarde.com\/index.php\/sociales\/la-municipalidad-reconocio-a-10-mujeres-correntinas-por-el-aporte-que-realizan-en-la-ciudad\/","title":{"rendered":"La Municipalidad reconoci\u00f3 a 10 mujeres   correntinas por el aporte que realizan en la ciudad"},"content":{"rendered":"\n<p><em>\u201cLas cuestiones de g\u00e9nero son pol\u00edtica de Estado\u201d, asegur\u00f3 el intendente en un acto de reconocimiento realizado en el patio del Palacio Municipal. En la ocasi\u00f3n se destac\u00f3 la labor, los logros, la participaci\u00f3n social y los derechos de las mujeres e inst\u00f3 a trabajar todo el a\u00f1o por la igualdad.<\/em><\/p>\n\n\n\n<p>Como cierre de las actividades del Mes de la Mujer, el intendente Eduardo Tassano encabez\u00f3 un acto de reconocimiento a la labor de 10 mujeres correntinas que contribuyen al desarrollo de la ciudad y que destacan por la importancia y calidad de su labor.<br>El encuentro desarrollado en la noche del martes en el patio del Palacio municipal reivindic\u00f3 el rol de la mujer en la sociedad. Se destacaron sus logros, la participaci\u00f3n social y la defensa de los derechos de las mujeres.<br>Las mujeres destacadas fueron en los \u00e1mbitos de la salud, lo social, el deporte, ambiente, obras p\u00fablicas, entre otros.<br>Adem\u00e1s de Tassano, participaron del encuentro \u2013 que se realiz\u00f3 por segundo a\u00f1o consecutivo- el viceintendente Emilio Lanari; la directora general de G\u00e9nero, Carolina Caama\u00f1o, funcionarios municipales, concejales capitalinos e invitados especiales.<br><br>RECONOCIMIENTO<br>Tassano mencion\u00f3 que \u201clas cuestiones de g\u00e9nero son pol\u00edtica de Estado\u201d. En ese aspecto, cont\u00f3 los avances para la prevenci\u00f3n y erradicaci\u00f3n de todo tipo de violencia contra las mujeres en la Ciudad a partir de la implementaci\u00f3n del protocolo de violencia de g\u00e9nero.<br><br>COMPROMISO<br>Por su parte, el viceintendente Emilio Lanari asegur\u00f3 que \u201cestamos reconociendo a mujeres destacadas en diferentes rubros por su trabajo cotidiano\u201d y agreg\u00f3 que \u201crecordamos que esto es una conmemoraci\u00f3n y estamos construyendo paridad e igualdad\u201d.<br><br>ROL FUNDAMENTAL<br>\u201cEntregamos distinciones a mujeres que hacen mucho para la transformaci\u00f3n de la ciudad en temas como obras p\u00fablicas, ambiente, salud, entre otros\u201d, indic\u00f3 por su parte la directora general de G\u00e9nero, Carolina Caama\u00f1o.\u00a0<br>Asimismo, la funcionaria municipal sostuvo que \u201ccreemos que las mujeres cumplen un rol fundamental en la sociedad y trabajan para una sociedad m\u00e1s igualitaria\u201d, dijo y a\u00f1adi\u00f3 para cerrar que \u201ceste es un mes en que hay que reconocer las tareas que hacen las correntinas\u201d.<br><br>PALABRAS DE LAS MUJERES RECONOCIDAS<br>Ariela Acu\u00f1a, rescatista de animales y mujer destacada, indic\u00f3 que \u201cEs valorable que vean nuestras labores y que somos personas que merecemos el reconocimiento\u201d.<br>En tanto, D\u00e9bora Ruiz, directora de log\u00edstica y mantenimiento indic\u00f3 que \u201ces un orgullo y me da mucha alegr\u00eda este reconocimiento por la dedicaci\u00f3n y esfuerzo que una hace\u201d.<br><br>DESTACADAS<br>En la ocasi\u00f3n, las 10 mujeres destacadas fueron:\u00a0<strong>en Salud, Ana Castillo<\/strong>\u00a0(enfermera y directora de enfermer\u00eda de la Municipalidad de Corrientes);\u00a0<strong>en Ciencia<\/strong>, Nahir Bosch (responsable del \u00e1rea de atenci\u00f3n digital de la Direcci\u00f3n Provincial de Energ\u00eda de Corrientes); Mar\u00eda Silvina Moreno por su labor contable;\u00a0<strong>en Comunicaci\u00f3n<\/strong>, Clarise S\u00e1nchez Soloaga (es la \u00fanica Editora de g\u00e9nero que tiene la provincia de Corrientes); por su labor en\u00a0<strong>Econom\u00eda y Gesti\u00f3n<\/strong>, Laura Sprovieri (presidenta del Banco de Corrientes).<br>Adem\u00e1s, tambi\u00e9n se entreg\u00f3 reconocimientos en el campo del\u00a0<strong>Transporte<\/strong>\u00a0a Anabel D\u00edaz (fundadora de una empresa de remises por aplicaci\u00f3n que es exclusivamente manejada por mujeres), por su labor en\u00a0<strong>Comercio y Emprendimiento<\/strong>\u00a0a Florencia Garc\u00eda (due\u00f1a de Fruttale, un emprendimiento de jugos y tragos naturales).<br>En lo\u00a0<strong>Social<\/strong>, Lucia Mar\u00eda Fernanda Oviedo (rescatista de la Asociaci\u00f3n Civil Rabitos Felices) y Ariela Acu\u00f1a (trabaja en la Fundaci\u00f3n \u201cMis Huellas a Casa\u201d) y en\u00a0<strong>Obras<\/strong>, D\u00e9bora Neris Ruiz (directora general de Log\u00edstica y Mantenimiento) y en\u00a0<strong>Deportes<\/strong>, Cristina Greve (ciclista profesional, con numerosos t\u00edtulos obtenidos).<\/p>\n\n\n\n<figure class=\"wp-block-embed is-type-video is-provider-youtube wp-block-embed-youtube wp-embed-aspect-16-9 wp-has-aspect-ratio\"><div class=\"wp-block-embed__wrapper\">\n<iframe loading=\"lazy\" title=\"La Municipalidad reconoci\u00f3 a 10 mujeres correntinas por el aporte que realizan en la ciudad\" width=\"1110\" height=\"624\" src=\"https:\/\/www.youtube.com\/embed\/HXrnI1WEq2c?feature=oembed\" frameborder=\"0\" allow=\"accelerometer; autoplay; clipboard-write; encrypted-media; gyroscope; picture-in-picture; web-share\" referrerpolicy=\"strict-origin-when-cross-origin\" allowfullscreen><\/iframe>\n<\/div><\/figure>\n\n\n\n<figure class=\"wp-block-image size-large\"><img loading=\"lazy\" decoding=\"async\" width=\"1024\" height=\"682\" src=\"https:\/\/corrientesdetarde.com\/wp-content\/uploads\/2024\/03\/image-720-1024x682.png\" alt=\"\" class=\"wp-image-136189\" srcset=\"https:\/\/corrientesdetarde.com\/wp-content\/uploads\/2024\/03\/image-720-1024x682.png 1024w, https:\/\/corrientesdetarde.com\/wp-content\/uploads\/2024\/03\/image-720-300x200.png 300w, https:\/\/corrientesdetarde.com\/wp-content\/uploads\/2024\/03\/image-720-768x512.png 768w, https:\/\/corrientesdetarde.com\/wp-content\/uploads\/2024\/03\/image-720.png 1280w\" sizes=\"auto, (max-width: 1024px) 100vw, 1024px\" \/><\/figure>\n\n\n\n<figure class=\"wp-block-image size-large\"><img loading=\"lazy\" decoding=\"async\" width=\"1024\" height=\"682\" src=\"https:\/\/corrientesdetarde.com\/wp-content\/uploads\/2024\/03\/image-721-1024x682.png\" alt=\"\" class=\"wp-image-136190\" srcset=\"https:\/\/corrientesdetarde.com\/wp-content\/uploads\/2024\/03\/image-721-1024x682.png 1024w, https:\/\/corrientesdetarde.com\/wp-content\/uploads\/2024\/03\/image-721-300x200.png 300w, https:\/\/corrientesdetarde.com\/wp-content\/uploads\/2024\/03\/image-721-768x512.png 768w, https:\/\/corrientesdetarde.com\/wp-content\/uploads\/2024\/03\/image-721.png 1280w\" sizes=\"auto, (max-width: 1024px) 100vw, 1024px\" \/><\/figure>\n\n\n\n<figure class=\"wp-block-image size-large\"><img loading=\"lazy\" decoding=\"async\" width=\"1024\" height=\"682\" src=\"https:\/\/corrientesdetarde.com\/wp-content\/uploads\/2024\/03\/image-722-1024x682.png\" alt=\"\" class=\"wp-image-136191\" srcset=\"https:\/\/corrientesdetarde.com\/wp-content\/uploads\/2024\/03\/image-722-1024x682.png 1024w, https:\/\/corrientesdetarde.com\/wp-content\/uploads\/2024\/03\/image-722-300x200.png 300w, https:\/\/corrientesdetarde.com\/wp-content\/uploads\/2024\/03\/image-722-768x512.png 768w, https:\/\/corrientesdetarde.com\/wp-content\/uploads\/2024\/03\/image-722.png 1280w\" sizes=\"auto, (max-width: 1024px) 100vw, 1024px\" \/><\/figure>\n\n\n\n<figure class=\"wp-block-image size-large\"><img loading=\"lazy\" decoding=\"async\" width=\"1024\" height=\"682\" src=\"https:\/\/corrientesdetarde.com\/wp-content\/uploads\/2024\/03\/image-723-1024x682.png\" alt=\"\" class=\"wp-image-136192\" srcset=\"https:\/\/corrientesdetarde.com\/wp-content\/uploads\/2024\/03\/image-723-1024x682.png 1024w, https:\/\/corrientesdetarde.com\/wp-content\/uploads\/2024\/03\/image-723-300x200.png 300w, https:\/\/corrientesdetarde.com\/wp-content\/uploads\/2024\/03\/image-723-768x512.png 768w, https:\/\/corrientesdetarde.com\/wp-content\/uploads\/2024\/03\/image-723.png 1280w\" sizes=\"auto, (max-width: 1024px) 100vw, 1024px\" \/><\/figure>\n","protected":false},"excerpt":{"rendered":"<p>\u201cLas cuestiones de g\u00e9nero son pol\u00edtica de Estado\u201d, asegur\u00f3 el intendente en un acto de reconocimiento realizado en el patio del Palacio Municipal. En la ocasi\u00f3n se destac\u00f3 la labor,&hellip; <\/p>\n","protected":false},"author":8,"featured_media":136188,"comment_status":"closed","ping_status":"open","sticky":false,"template":"","format":"standard","meta":{"footnotes":""},"categories":[17],"tags":[],"class_list":["post-136174","post","type-post","status-publish","format-standard","has-post-thumbnail","hentry","category-sociales"],"_links":{"self":[{"href":"https:\/\/corrientesdetarde.com\/index.php\/wp-json\/wp\/v2\/posts\/136174","targetHints":{"allow":["GET"]}}],"collection":[{"href":"https:\/\/corrientesdetarde.com\/index.php\/wp-json\/wp\/v2\/posts"}],"about":[{"href":"https:\/\/corrientesdetarde.com\/index.php\/wp-json\/wp\/v2\/types\/post"}],"author":[{"embeddable":true,"href":"https:\/\/corrientesdetarde.com\/index.php\/wp-json\/wp\/v2\/users\/8"}],"replies":[{"embeddable":true,"href":"https:\/\/corrientesdetarde.com\/index.php\/wp-json\/wp\/v2\/comments?post=136174"}],"version-history":[{"count":1,"href":"https:\/\/corrientesdetarde.com\/index.php\/wp-json\/wp\/v2\/posts\/136174\/revisions"}],"predecessor-version":[{"id":136193,"href":"https:\/\/corrientesdetarde.com\/index.php\/wp-json\/wp\/v2\/posts\/136174\/revisions\/136193"}],"wp:featuredmedia":[{"embeddable":true,"href":"https:\/\/corrientesdetarde.com\/index.php\/wp-json\/wp\/v2\/media\/136188"}],"wp:attachment":[{"href":"https:\/\/corrientesdetarde.com\/index.php\/wp-json\/wp\/v2\/media?parent=136174"}],"wp:term":[{"taxonomy":"category","embeddable":true,"href":"https:\/\/corrientesdetarde.com\/index.php\/wp-json\/wp\/v2\/categories?post=136174"},{"taxonomy":"post_tag","embeddable":true,"href":"https:\/\/corrientesdetarde.com\/index.php\/wp-json\/wp\/v2\/tags?post=136174"}],"curies":[{"name":"wp","href":"https:\/\/api.w.org\/{rel}","templated":true}]}}