{"id":136179,"date":"2024-03-27T13:34:17","date_gmt":"2024-03-27T16:34:17","guid":{"rendered":"https:\/\/corrientesdetarde.com\/?p=136179"},"modified":"2024-03-27T13:34:49","modified_gmt":"2024-03-27T16:34:49","slug":"abogado-denuncia-a-milei-y-villarruel-por-apologia-del-delito-e-incumplimiento-de-deberes","status":"publish","type":"post","link":"https:\/\/corrientesdetarde.com\/index.php\/politica\/abogado-denuncia-a-milei-y-villarruel-por-apologia-del-delito-e-incumplimiento-de-deberes\/","title":{"rendered":"ABOGADO DENUNCIA A MILEI Y VILLARRUEL POR APOLOGIA DEL DELITO E INCUMPLIMIENTO DE DEBERES"},"content":{"rendered":"\n<p>(Corresponsal\u00eda Buenos Aires) &#8211; El abogado de derechos humanos y escritor Javier Garin realiz\u00f3 en el d\u00eda de la fecha una denuncia penal contra el Presidente Javier Milei, la Vice Victoria Villarruel y el ex titular de la SIDE bajo el menemismo Juan Bautista Yofr\u00e9, a fin de que se investigue la posible comisi\u00f3n de apolog\u00eda del delito, incumplimiento de los deberes de funcionario p\u00fablico y abuso de autoridad.<\/p>\n\n\n\n<p>La acusaci\u00f3n se basa en que podr\u00edan haber incurrido en forma reiterada y sistem\u00e1tica en una JUSTIFICACION DEL GOLPE DE ESTADO DEL 24 DE MARZO DE 1976, UNA DIRECTA O INDIRECTA REIVINDICACI\u00d3N DEL TERRORISMO DE ESTADO Y UNA APOLOG\u00cdA DE LOS CRIMINALES CONDENADOS POR ESOS DELITOS. Con base en los arts. 213 , 248 y conc. del C\u00f3digo Penal, art 1 de la ley 25633, y los arts. 29, 36 y 75 inciso 22 de la Constituci\u00f3n y citas de Juan Bautista Alberdi y de jurisprudencia penal, Garin sostuvo que es obligaci\u00f3n de los funcionarios p\u00fablicos defender y hacer cumplir el orden jur\u00eddico, el cual est\u00e1 erigido en Argentina sobre la base del respeto a los derechos humanos y la condena del Terrorismo de Estado, a modo de un pacto democr\u00e1tico consagrado en la Constituci\u00f3n reformada en 1994. Plante\u00f3 que en pa\u00edses como Alemania e Italia rige asimismo un pacto ciudadano por el cual se penaliza la reivindicaci\u00f3n del nazismo y el fascismo , y que si bien Argentina no existen normas penales contra el negacionismo, est\u00e1 tipificada la apolog\u00eda del delito yel incumplimiento de deberes, figuras en las que estima podr\u00edan hallarse incursos el Presidente y la vice al plantear en forma continua y sistem\u00e1tica un \u201chilo discursivo\u201d que comprende diversas estrategias tendientes a legitimar la represion ilegal y cuestionar la validez y justicia de las sentencias reca\u00eddas contra los represores que cometieron delitos de lesa humanidad. <\/p>\n\n\n\n<p>Ejemplific\u00f3 ese hilo discursivo con hechos como la minimizacion del n\u00famero de desaparecidos, la invocaci\u00f3n de un estado de \u201cguerra\u201dcomo justificante (defensa que invocaron los represores y que los tribunales argentinos invariablemente rechazaron), la alegaci\u00f3n de que hubo \u201cexcesos\u201d y no un plan sistem\u00e1tico de exterminio (defensa tambi\u00e9n rechazada ya por los jueces que intervinieron en el Juicio a las Juntas), el se\u00f1alamiento de la violencia guerrillera previa como un argumento exculpatorio de los condenados por lesa humanidad, la emisi\u00f3n del video protagonizado por Yofre (quien a juicio de Garin realizar\u00eda desde hace a\u00f1os la apolog\u00eda de la represion ilegal), y las reiteradas expresiones complementarias de Villarruel, que incluyen desde llamar a hijos recuperados \u201cfamiliares de terroristas\u201d hasta proponer eliminar el Museo de la Esma, declarado Patrimonio Mundial por la UNESCO . <\/p>\n\n\n\n<p>Seg\u00fan el denunciante, no se trata de hechos que deban ser considerados aisladamente sino que en su conjunto son denotativos de la perseverante voluntad pol\u00edtica de impugnar y desvalorizar los resultados de los juicios de lesa humanidad, la mayor\u00eda de ellos con sentencia firme desde hace a\u00f1os. Este panorama (seg\u00fan el denunciante) permite visualizar una intencionalidad tendiente a una reinvindicaci\u00f3n directa o indirecta del Terrorismo de Estado que asol\u00f3 la Argentina. Garin rechaz\u00f3 asimismo que la lucha por los derechos humanos y la condena del genocidio sean el fruto de un \u201crelato sesgado\u201d del kirchnerismo, como sostiene el Gobierno, y demostr\u00f3 con abundantes citas del pr\u00f3logo de Ernesto Sabato al Nunca M\u00e1s y p\u00e1rrafos de la sentencia de la Causa 13\/1984, que no se trata de una invenci\u00f3n del kirchnerismo sino de hechos acreditados ante la Justicia basados en una amplia investigaci\u00f3n llevada a cabo por la CONADEP bajo el gobierno de Alfonsin, se\u00f1alando que ni Sabato ni la CONADEP ni los jueces intervinientes en el Juicio a la Juntas pueden ser tachados de inclinaciones ideol\u00f3gicas filocomunistas o filoperonistas, como pretende el Gobierno. <\/p>\n\n\n\n<p>Sostuvo que la lucha por Memoria, Verdad y Justicia es una construcci\u00f3n colectiva que abarca d\u00e9cadas desde los tiempos mismos de la dictadura, y que el discurso negacionista de Milei y Villarruel constituyen un serio peligro para la tranquilidad p\u00fablica y el orden democr\u00e1tico al promover el resurgimiento de doctrinas exaltadoras o justificadoras del Terrorismo de Estado. Javier Garin tiene una vasta militancia en derechos humanos y 37 a\u00f1os de ejercicio profesional como abogado comprometido en la defensa de los derechos de la victimas de todo tipo de delitos y las causas ambientales. <\/p>\n\n\n\n<p>Es autor del Manual Popular de Derechos Humanos, de amplia difusion entre la docencia, y de biograf\u00edas de Belgrano, Monteagudo y Per\u00f3n. La denuncia qued\u00f3 radicada ante el Juzgado en lo Crininal y Correccional Federal n\u00b01 y bajo el nro CFP 1091\/2024.<\/p>\n","protected":false},"excerpt":{"rendered":"<p>(Corresponsal\u00eda Buenos Aires) &#8211; El abogado de derechos humanos y escritor Javier Garin realiz\u00f3 en el d\u00eda de la fecha una denuncia penal contra el Presidente Javier Milei, la Vice&hellip; <\/p>\n","protected":false},"author":11,"featured_media":136184,"comment_status":"closed","ping_status":"open","sticky":false,"template":"","format":"standard","meta":{"footnotes":""},"categories":[3],"tags":[167,1822,1820,336,1821],"class_list":["post-136179","post","type-post","status-publish","format-standard","has-post-thumbnail","hentry","category-politica","tag-dictadura","tag-esma","tag-garin","tag-milei","tag-yoffre"],"_links":{"self":[{"href":"https:\/\/corrientesdetarde.com\/index.php\/wp-json\/wp\/v2\/posts\/136179","targetHints":{"allow":["GET"]}}],"collection":[{"href":"https:\/\/corrientesdetarde.com\/index.php\/wp-json\/wp\/v2\/posts"}],"about":[{"href":"https:\/\/corrientesdetarde.com\/index.php\/wp-json\/wp\/v2\/types\/post"}],"author":[{"embeddable":true,"href":"https:\/\/corrientesdetarde.com\/index.php\/wp-json\/wp\/v2\/users\/11"}],"replies":[{"embeddable":true,"href":"https:\/\/corrientesdetarde.com\/index.php\/wp-json\/wp\/v2\/comments?post=136179"}],"version-history":[{"count":1,"href":"https:\/\/corrientesdetarde.com\/index.php\/wp-json\/wp\/v2\/posts\/136179\/revisions"}],"predecessor-version":[{"id":136185,"href":"https:\/\/corrientesdetarde.com\/index.php\/wp-json\/wp\/v2\/posts\/136179\/revisions\/136185"}],"wp:featuredmedia":[{"embeddable":true,"href":"https:\/\/corrientesdetarde.com\/index.php\/wp-json\/wp\/v2\/media\/136184"}],"wp:attachment":[{"href":"https:\/\/corrientesdetarde.com\/index.php\/wp-json\/wp\/v2\/media?parent=136179"}],"wp:term":[{"taxonomy":"category","embeddable":true,"href":"https:\/\/corrientesdetarde.com\/index.php\/wp-json\/wp\/v2\/categories?post=136179"},{"taxonomy":"post_tag","embeddable":true,"href":"https:\/\/corrientesdetarde.com\/index.php\/wp-json\/wp\/v2\/tags?post=136179"}],"curies":[{"name":"wp","href":"https:\/\/api.w.org\/{rel}","templated":true}]}}